{"id":4810,"date":"2026-08-31T11:08:38","date_gmt":"2026-08-31T15:08:38","guid":{"rendered":"https:\/\/idemar.cl\/inicio\/?p=4810"},"modified":"2026-08-31T11:09:34","modified_gmt":"2026-08-31T15:09:34","slug":"2-campeonato-interescolar-de-matematica-2026-en-idemar","status":"publish","type":"post","link":"https:\/\/idemar.cl\/inicio\/2-campeonato-interescolar-de-matematica-2026-en-idemar\/","title":{"rendered":"2\u00b0 Campeonato Interescolar de Matem\u00e1tica 2026 en #IDEMAR"},"content":{"rendered":"\t\t<div data-elementor-type=\"wp-post\" data-elementor-id=\"4810\" class=\"elementor elementor-4810\" data-elementor-post-type=\"post\">\n\t\t\t\t\t\t<section class=\"elementor-section elementor-top-section elementor-element elementor-element-8aebe98 elementor-section-boxed elementor-section-height-default elementor-section-height-default\" data-id=\"8aebe98\" data-element_type=\"section\">\n\t\t\t\t\t\t<div class=\"elementor-container elementor-column-gap-default\">\n\t\t\t\t\t<div class=\"elementor-column elementor-col-50 elementor-top-column elementor-element elementor-element-95f40fc\" data-id=\"95f40fc\" data-element_type=\"column\">\n\t\t\t<div class=\"elementor-widget-wrap elementor-element-populated\">\n\t\t\t\t\t\t<div class=\"elementor-element elementor-element-9cd2e6b elementor-widget elementor-widget-text-editor\" data-id=\"9cd2e6b\" data-element_type=\"widget\" data-widget_type=\"text-editor.default\">\n\t\t\t\t<div class=\"elementor-widget-container\">\n\t\t\t<style>\/*! elementor - v3.20.0 - 26-03-2024 *\/\n.elementor-widget-text-editor.elementor-drop-cap-view-stacked .elementor-drop-cap{background-color:#69727d;color:#fff}.elementor-widget-text-editor.elementor-drop-cap-view-framed .elementor-drop-cap{color:#69727d;border:3px solid;background-color:transparent}.elementor-widget-text-editor:not(.elementor-drop-cap-view-default) .elementor-drop-cap{margin-top:8px}.elementor-widget-text-editor:not(.elementor-drop-cap-view-default) .elementor-drop-cap-letter{width:1em;height:1em}.elementor-widget-text-editor .elementor-drop-cap{float:left;text-align:center;line-height:1;font-size:50px}.elementor-widget-text-editor .elementor-drop-cap-letter{display:inline-block}<\/style>\t\t\t\t<div class=\"x14z9mp xat24cr x1lziwak x1vvkbs xtlvy1s x126k92a\" style=\"white-space: pre-wrap; margin-inline: 0px; overflow-wrap: break-word; margin-bottom: 0px; margin-top: 0.5em; font-family: system-ui, -apple-system, 'system-ui', '.SFNSText-Regular', sans-serif; color: #080809; font-size: 15px; text-align: start;\"><div dir=\"auto\" style=\"font-family: inherit;\">Con gran entusiasmo vivimos en nuestro <span class=\"html-span xdj266r x14z9mp xat24cr x1lziwak xexx8yu xyri2b x18d9i69 x1c1uobl x1hl2dhg x16tdsg8 x1vvkbs\" style=\"margin-inline: 0px; text-align: inherit; padding-inline: 0px; overflow-wrap: break-word; padding-bottom: 0px; margin-bottom: 0px; margin-top: 0px; padding-top: 0px; font-family: inherit;\"><a class=\"x1i10hfl xjbqb8w x1ejq31n x18oe1m7 x1sy0etr xstzfhl x972fbf x10w94by x1qhh985 x14e42zd x9f619 x1ypdohk xt0psk2 x3ct3a4 xdj266r x14z9mp xat24cr x1lziwak xexx8yu xyri2b x18d9i69 x1c1uobl x16tdsg8 x1hl2dhg xggy1nq x1a2a7pz xkrqix3 x1sur9pj x1fey0fg x1s688f\" style=\"color: #0064d1; cursor: pointer; outline: none; border-inline-width: 0px; margin-inline: 0px; text-align: inherit; border-inline-style: none; padding-inline: 0px; -webkit-tap-highlight-color: transparent; font-weight: 600; list-style-type: none; touch-action: manipulation; display: inline; padding-bottom: 0px; border-top-style: none; border-bottom-width: 0px; border-bottom-style: none; border-top-width: 0px; margin-bottom: 0px; margin-top: 0px; padding-top: 0px; font-family: inherit;\" tabindex=\"0\" role=\"link\" href=\"https:\/\/www.facebook.com\/hashtag\/idemar?__cft__[0]=AZbaESUIJ_NMM7iVn-A1UlQSJzMU2LskM6gxcShXSak9bC6tbdcOq46iAI2lYakvjDOCqLh9FP9oDTCXYgHKTVn1xPDG2Um1Ka9gWKuuih2flGjFiUIt1pNyQ7nFNvGkqLyHXRaiuubpljrjljUPJRUeRSCHHOrSET3MKM3ofSNEOX_UVTOsPt_IpOAdbVNzWIU&amp;__tn__=*NK-R\">#IDEMAR<\/a><\/span> la segunda versi\u00f3n del Campeonato Interescolar de Matem\u00e1tica 2026, que reuni\u00f3 a estudiantes de 10 establecimientos educacionales, quienes se midieron en distintas competencias y desaf\u00edos matem\u00e1ticos. <span class=\"html-span xexx8yu xyri2b x18d9i69 x1c1uobl x1hl2dhg x16tdsg8 x1vvkbs x3nfvp2 x1j61x8r x1fcty0u xdj266r xat24cr xm2jcoa x1mpyi22 xxymvpz xlup9mm x1kky2od\" style=\"text-align: inherit; padding-inline: 0px; margin-inline: 1px; overflow-wrap: break-word; display: inline-flex; vertical-align: middle; padding-bottom: 0px; width: 16px; margin-bottom: 0px; margin-top: 0px; padding-top: 0px; height: 16px; font-family: inherit;\"><img decoding=\"async\" class=\"xz74otr x15mokao x1ga7v0g x16uus16 xbiv7yw\" style=\"border-width: 0px; border-start-start-radius: 0px; border-end-end-radius: 0px; border-start-end-radius: 0px; border-end-start-radius: 0px; object-fit: fill;\" src=\"https:\/\/static.xx.fbcdn.net\/images\/emoji.php\/v9\/t37\/2\/16\/1f4d0.png\" alt=\"\ud83d\udcd0\" width=\"16\" height=\"16\" \/><\/span><span class=\"html-span xexx8yu xyri2b x18d9i69 x1c1uobl x1hl2dhg x16tdsg8 x1vvkbs x3nfvp2 x1j61x8r x1fcty0u xdj266r xat24cr xm2jcoa x1mpyi22 xxymvpz xlup9mm x1kky2od\" style=\"text-align: inherit; padding-inline: 0px; margin-inline: 1px; overflow-wrap: break-word; display: inline-flex; vertical-align: middle; padding-bottom: 0px; width: 16px; margin-bottom: 0px; margin-top: 0px; padding-top: 0px; height: 16px; font-family: inherit;\"><img decoding=\"async\" class=\"xz74otr x15mokao x1ga7v0g x16uus16 xbiv7yw\" style=\"border-width: 0px; border-start-start-radius: 0px; border-end-end-radius: 0px; border-start-end-radius: 0px; border-end-start-radius: 0px; object-fit: fill;\" src=\"https:\/\/static.xx.fbcdn.net\/images\/emoji.php\/v9\/t1b\/2\/16\/1f9e0.png\" alt=\"\ud83e\udde0\" width=\"16\" height=\"16\" \/><\/span><\/div><\/div><div class=\"x14z9mp xat24cr x1lziwak x1vvkbs xtlvy1s x126k92a\" style=\"white-space: pre-wrap; margin-inline: 0px; overflow-wrap: break-word; margin-bottom: 0px; margin-top: 0.5em; font-family: system-ui, -apple-system, 'system-ui', '.SFNSText-Regular', sans-serif; color: #080809; font-size: 15px; text-align: start;\"><div dir=\"auto\" style=\"font-family: inherit;\">Una jornada que permiti\u00f3 poner a prueba conocimientos, razonamiento l\u00f3gico, rapidez, resoluci\u00f3n de problemas y, sobre todo, disfrutar de las matem\u00e1ticas de una manera diferente.<\/div><\/div><div class=\"x14z9mp xat24cr x1lziwak x1vvkbs xtlvy1s x126k92a\" style=\"white-space: pre-wrap; margin-inline: 0px; overflow-wrap: break-word; margin-bottom: 0px; margin-top: 0.5em; font-family: system-ui, -apple-system, 'system-ui', '.SFNSText-Regular', sans-serif; color: #080809; font-size: 15px; text-align: start;\"><div dir=\"auto\" style=\"font-family: inherit;\"><span class=\"html-span xexx8yu xyri2b x18d9i69 x1c1uobl x1hl2dhg x16tdsg8 x1vvkbs x3nfvp2 x1j61x8r x1fcty0u xdj266r xat24cr xm2jcoa x1mpyi22 xxymvpz xlup9mm x1kky2od\" style=\"text-align: inherit; padding-inline: 0px; margin-inline: 1px; overflow-wrap: break-word; display: inline-flex; vertical-align: middle; padding-bottom: 0px; width: 16px; margin-bottom: 0px; margin-top: 0px; padding-top: 0px; height: 16px; font-family: inherit;\"><img decoding=\"async\" class=\"xz74otr x15mokao x1ga7v0g x16uus16 xbiv7yw\" style=\"border-width: 0px; border-start-start-radius: 0px; border-end-end-radius: 0px; border-start-end-radius: 0px; border-end-start-radius: 0px; object-fit: fill;\" src=\"https:\/\/static.xx.fbcdn.net\/images\/emoji.php\/v9\/t9d\/2\/16\/1f44f.png\" alt=\"\ud83d\udc4f\" width=\"16\" height=\"16\" \/><\/span> Agradecemos a cada uno de los establecimientos que aceptaron nuestra invitaci\u00f3n y fueron parte de este encuentro, as\u00ed como a sus estudiantes y docentes por el entusiasmo y compa\u00f1erismo demostrado. Felicitamos a los ganadores:<\/div><\/div><div class=\"x14z9mp xat24cr x1lziwak x1vvkbs xtlvy1s x126k92a\" style=\"white-space: pre-wrap; margin-inline: 0px; overflow-wrap: break-word; margin-bottom: 0px; margin-top: 0.5em; font-family: system-ui, -apple-system, 'system-ui', '.SFNSText-Regular', sans-serif; color: #080809; font-size: 15px; text-align: start;\"><div dir=\"auto\" style=\"font-family: inherit;\">Nivel 7\u00b0 B\u00e1sico<\/div><div dir=\"auto\" style=\"font-family: inherit;\"><span class=\"html-span xexx8yu xyri2b x18d9i69 x1c1uobl x1hl2dhg x16tdsg8 x1vvkbs x3nfvp2 x1j61x8r x1fcty0u xdj266r xat24cr xm2jcoa x1mpyi22 xxymvpz xlup9mm x1kky2od\" style=\"text-align: inherit; padding-inline: 0px; margin-inline: 1px; overflow-wrap: break-word; display: inline-flex; vertical-align: middle; padding-bottom: 0px; width: 16px; margin-bottom: 0px; margin-top: 0px; padding-top: 0px; height: 16px; font-family: inherit;\"><img loading=\"lazy\" decoding=\"async\" class=\"xz74otr x15mokao x1ga7v0g x16uus16 xbiv7yw\" style=\"border-width: 0px; border-start-start-radius: 0px; border-end-end-radius: 0px; border-start-end-radius: 0px; border-end-start-radius: 0px; object-fit: fill;\" src=\"https:\/\/static.xx.fbcdn.net\/images\/emoji.php\/v9\/t33\/2\/16\/1f947.png\" alt=\"\ud83e\udd47\" width=\"16\" height=\"16\" \/><\/span>Colegio San Francisco de As\u00eds<\/div><div dir=\"auto\" style=\"font-family: inherit;\"><span class=\"html-span xexx8yu xyri2b x18d9i69 x1c1uobl x1hl2dhg x16tdsg8 x1vvkbs x3nfvp2 x1j61x8r x1fcty0u xdj266r xat24cr xm2jcoa x1mpyi22 xxymvpz xlup9mm x1kky2od\" style=\"text-align: inherit; padding-inline: 0px; margin-inline: 1px; overflow-wrap: break-word; display: inline-flex; vertical-align: middle; padding-bottom: 0px; width: 16px; margin-bottom: 0px; margin-top: 0px; padding-top: 0px; height: 16px; font-family: inherit;\"><img loading=\"lazy\" decoding=\"async\" class=\"xz74otr x15mokao x1ga7v0g x16uus16 xbiv7yw\" style=\"border-width: 0px; border-start-start-radius: 0px; border-end-end-radius: 0px; border-start-end-radius: 0px; border-end-start-radius: 0px; object-fit: fill;\" src=\"https:\/\/static.xx.fbcdn.net\/images\/emoji.php\/v9\/tb4\/2\/16\/1f948.png\" alt=\"\ud83e\udd48\" width=\"16\" height=\"16\" \/><\/span>Escuela Luis Uribe D\u00edaz<\/div><div dir=\"auto\" style=\"font-family: inherit;\"><span class=\"html-span xexx8yu xyri2b x18d9i69 x1c1uobl x1hl2dhg x16tdsg8 x1vvkbs x3nfvp2 x1j61x8r x1fcty0u xdj266r xat24cr xm2jcoa x1mpyi22 xxymvpz xlup9mm x1kky2od\" style=\"text-align: inherit; padding-inline: 0px; margin-inline: 1px; overflow-wrap: break-word; display: inline-flex; vertical-align: middle; padding-bottom: 0px; width: 16px; margin-bottom: 0px; margin-top: 0px; padding-top: 0px; height: 16px; font-family: inherit;\"><img loading=\"lazy\" decoding=\"async\" class=\"xz74otr x15mokao x1ga7v0g x16uus16 xbiv7yw\" style=\"border-width: 0px; border-start-start-radius: 0px; border-end-end-radius: 0px; border-start-end-radius: 0px; border-end-start-radius: 0px; object-fit: fill;\" src=\"https:\/\/static.xx.fbcdn.net\/images\/emoji.php\/v9\/t35\/2\/16\/1f949.png\" alt=\"\ud83e\udd49\" width=\"16\" height=\"16\" \/><\/span>Escuela Rural Notuco<\/div><\/div><div class=\"x14z9mp xat24cr x1lziwak x1vvkbs xtlvy1s x126k92a\" style=\"white-space: pre-wrap; margin-inline: 0px; overflow-wrap: break-word; margin-bottom: 0px; margin-top: 0.5em; font-family: system-ui, -apple-system, 'system-ui', '.SFNSText-Regular', sans-serif; color: #080809; font-size: 15px; text-align: start;\"><div dir=\"auto\" style=\"font-family: inherit;\">Nivel 8\u00b0 B\u00e1sico<\/div><div dir=\"auto\" style=\"font-family: inherit;\"><span class=\"html-span xexx8yu xyri2b x18d9i69 x1c1uobl x1hl2dhg x16tdsg8 x1vvkbs x3nfvp2 x1j61x8r x1fcty0u xdj266r xat24cr xm2jcoa x1mpyi22 xxymvpz xlup9mm x1kky2od\" style=\"text-align: inherit; padding-inline: 0px; margin-inline: 1px; overflow-wrap: break-word; display: inline-flex; vertical-align: middle; padding-bottom: 0px; width: 16px; margin-bottom: 0px; margin-top: 0px; padding-top: 0px; height: 16px; font-family: inherit;\"><img loading=\"lazy\" decoding=\"async\" class=\"xz74otr x15mokao x1ga7v0g x16uus16 xbiv7yw\" style=\"border-width: 0px; border-start-start-radius: 0px; border-end-end-radius: 0px; border-start-end-radius: 0px; border-end-start-radius: 0px; object-fit: fill;\" src=\"https:\/\/static.xx.fbcdn.net\/images\/emoji.php\/v9\/t33\/2\/16\/1f947.png\" alt=\"\ud83e\udd47\" width=\"16\" height=\"16\" \/><\/span>Colegio San Francisco de As\u00eds<\/div><div dir=\"auto\" style=\"font-family: inherit;\"><span class=\"html-span xexx8yu xyri2b x18d9i69 x1c1uobl x1hl2dhg x16tdsg8 x1vvkbs x3nfvp2 x1j61x8r x1fcty0u xdj266r xat24cr xm2jcoa x1mpyi22 xxymvpz xlup9mm x1kky2od\" style=\"text-align: inherit; padding-inline: 0px; margin-inline: 1px; overflow-wrap: break-word; display: inline-flex; vertical-align: middle; padding-bottom: 0px; width: 16px; margin-bottom: 0px; margin-top: 0px; padding-top: 0px; height: 16px; font-family: inherit;\"><img loading=\"lazy\" decoding=\"async\" class=\"xz74otr x15mokao x1ga7v0g x16uus16 xbiv7yw\" style=\"border-width: 0px; border-start-start-radius: 0px; border-end-end-radius: 0px; border-start-end-radius: 0px; border-end-start-radius: 0px; object-fit: fill;\" src=\"https:\/\/static.xx.fbcdn.net\/images\/emoji.php\/v9\/tb4\/2\/16\/1f948.png\" alt=\"\ud83e\udd48\" width=\"16\" height=\"16\" \/><\/span>Escuela Rural de Cucao<\/div><div dir=\"auto\" style=\"font-family: inherit;\"><span class=\"html-span xexx8yu xyri2b x18d9i69 x1c1uobl x1hl2dhg x16tdsg8 x1vvkbs x3nfvp2 x1j61x8r x1fcty0u xdj266r xat24cr xm2jcoa x1mpyi22 xxymvpz xlup9mm x1kky2od\" style=\"text-align: inherit; padding-inline: 0px; margin-inline: 1px; overflow-wrap: break-word; display: inline-flex; vertical-align: middle; padding-bottom: 0px; width: 16px; margin-bottom: 0px; margin-top: 0px; padding-top: 0px; height: 16px; font-family: inherit;\"><img loading=\"lazy\" decoding=\"async\" class=\"xz74otr x15mokao x1ga7v0g x16uus16 xbiv7yw\" style=\"border-width: 0px; border-start-start-radius: 0px; border-end-end-radius: 0px; border-start-end-radius: 0px; border-end-start-radius: 0px; object-fit: fill;\" src=\"https:\/\/static.xx.fbcdn.net\/images\/emoji.php\/v9\/t35\/2\/16\/1f949.png\" alt=\"\ud83e\udd49\" width=\"16\" height=\"16\" \/><\/span>Escuela B\u00e1sica San Carlos de Chonchi<\/div><\/div><div class=\"x14z9mp xat24cr x1lziwak x1vvkbs xtlvy1s x126k92a\" style=\"white-space: pre-wrap; margin-inline: 0px; overflow-wrap: break-word; margin-bottom: 0px; margin-top: 0.5em; font-family: system-ui, -apple-system, 'system-ui', '.SFNSText-Regular', sans-serif; color: #080809; font-size: 15px; text-align: start;\"><div dir=\"auto\" style=\"font-family: inherit;\"><span class=\"html-span xexx8yu xyri2b x18d9i69 x1c1uobl x1hl2dhg x16tdsg8 x1vvkbs x3nfvp2 x1j61x8r x1fcty0u xdj266r xat24cr xm2jcoa x1mpyi22 xxymvpz xlup9mm x1kky2od\" style=\"text-align: inherit; padding-inline: 0px; margin-inline: 1px; overflow-wrap: break-word; display: inline-flex; vertical-align: middle; padding-bottom: 0px; width: 16px; margin-bottom: 0px; margin-top: 0px; padding-top: 0px; height: 16px; font-family: inherit;\"><img loading=\"lazy\" decoding=\"async\" class=\"xz74otr x15mokao x1ga7v0g x16uus16 xbiv7yw\" style=\"border-width: 0px; border-start-start-radius: 0px; border-end-end-radius: 0px; border-start-end-radius: 0px; border-end-start-radius: 0px; object-fit: fill;\" src=\"https:\/\/static.xx.fbcdn.net\/images\/emoji.php\/v9\/tb\/2\/16\/1f499.png\" alt=\"\ud83d\udc99\" width=\"16\" height=\"16\" \/><\/span> Un especial reconocimiento a nuestro Departamento de Matem\u00e1tica de <span class=\"html-span xdj266r x14z9mp xat24cr x1lziwak xexx8yu xyri2b x18d9i69 x1c1uobl x1hl2dhg x16tdsg8 x1vvkbs\" style=\"margin-inline: 0px; text-align: inherit; padding-inline: 0px; overflow-wrap: break-word; padding-bottom: 0px; margin-bottom: 0px; margin-top: 0px; padding-top: 0px; font-family: inherit;\"><a class=\"x1i10hfl xjbqb8w x1ejq31n x18oe1m7 x1sy0etr xstzfhl x972fbf x10w94by x1qhh985 x14e42zd x9f619 x1ypdohk xt0psk2 x3ct3a4 xdj266r x14z9mp xat24cr x1lziwak xexx8yu xyri2b x18d9i69 x1c1uobl x16tdsg8 x1hl2dhg xggy1nq x1a2a7pz xkrqix3 x1sur9pj x1fey0fg x1s688f\" style=\"color: #0064d1; cursor: pointer; outline: none; border-inline-width: 0px; margin-inline: 0px; text-align: inherit; border-inline-style: none; padding-inline: 0px; -webkit-tap-highlight-color: transparent; font-weight: 600; list-style-type: none; touch-action: manipulation; display: inline; padding-bottom: 0px; border-top-style: none; border-bottom-width: 0px; border-bottom-style: none; border-top-width: 0px; margin-bottom: 0px; margin-top: 0px; padding-top: 0px; font-family: inherit;\" tabindex=\"0\" role=\"link\" href=\"https:\/\/www.facebook.com\/hashtag\/idemar?__cft__[0]=AZbaESUIJ_NMM7iVn-A1UlQSJzMU2LskM6gxcShXSak9bC6tbdcOq46iAI2lYakvjDOCqLh9FP9oDTCXYgHKTVn1xPDG2Um1Ka9gWKuuih2flGjFiUIt1pNyQ7nFNvGkqLyHXRaiuubpljrjljUPJRUeRSCHHOrSET3MKM3ofSNEOX_UVTOsPt_IpOAdbVNzWIU&amp;__tn__=*NK-R\">#IDEMAR<\/a><\/span>, por la organizaci\u00f3n y el compromiso para hacer posible esta segunda versi\u00f3n.<\/div><\/div><div class=\"x14z9mp xat24cr x1lziwak x1vvkbs xtlvy1s x126k92a\" style=\"white-space: pre-wrap; margin-inline: 0px; overflow-wrap: break-word; margin-bottom: 0px; margin-top: 0.5em; font-family: system-ui, -apple-system, 'system-ui', '.SFNSText-Regular', sans-serif; color: #080809; font-size: 15px; text-align: start;\"><div dir=\"auto\" style=\"font-family: inherit;\">\u00a1Nos alegra abrir las puertas de nuestro liceo y generar espacios de encuentro, aprendizaje y sana competencia entre nuestros estudiantes!<\/div><\/div>\t\t\t\t\t\t<\/div>\n\t\t\t\t<\/div>\n\t\t\t\t\t<\/div>\n\t\t<\/div>\n\t\t\t\t<div class=\"elementor-column elementor-col-50 elementor-top-column elementor-element elementor-element-30b8fe0\" data-id=\"30b8fe0\" data-element_type=\"column\">\n\t\t\t<div class=\"elementor-widget-wrap elementor-element-populated\">\n\t\t\t\t\t\t<div class=\"elementor-element elementor-element-67128bf elementor-widget elementor-widget-facebook-embed\" data-id=\"67128bf\" data-element_type=\"widget\" data-widget_type=\"facebook-embed.default\">\n\t\t\t\t<div class=\"elementor-widget-container\">\n\t\t\t<style>\/*! elementor-pro - v3.20.0 - 26-03-2024 *\/\n.elementor-facebook-widget.fb_iframe_widget,.elementor-facebook-widget.fb_iframe_widget span{width:100%!important}.elementor-facebook-widget.fb_iframe_widget iframe{position:relative;width:100%!important}.elementor-facebook-widget.fb-like{height:1px}.elementor-widget-facebook-comments iframe{width:100%!important}<\/style><div style=\"min-height: 1px\" class=\"elementor-facebook-widget fb-post\" data-href=\"https:\/\/www.facebook.com\/photo\/?fbid=1749551910506419&#038;set=pcb.1749556937172583\" data-show-text=\"false\"><\/div>\t\t<\/div>\n\t\t\t\t<\/div>\n\t\t\t\t\t<\/div>\n\t\t<\/div>\n\t\t\t\t\t<\/div>\n\t\t<\/section>\n\t\t\t\t<\/div>\n\t\t","protected":false},"excerpt":{"rendered":"<p>Con gran entusiasmo vivimos en nuestro #IDEMAR la segunda versi\u00f3n del Campeonato Interescolar de Matem\u00e1tica 2026, que reuni\u00f3 a estudiantes de 10 establecimientos educacionales, quienes se midieron en distintas competencias y desaf\u00edos matem\u00e1ticos. Una jornada que permiti\u00f3 poner a prueba conocimientos, razonamiento l\u00f3gico, rapidez, resoluci\u00f3n de problemas y, sobre todo, disfrutar de las matem\u00e1ticas de [&hellip;]<\/p>\n","protected":false},"author":3,"featured_media":4812,"comment_status":"open","ping_status":"open","sticky":false,"template":"","format":"standard","meta":{"footnotes":""},"categories":[30],"tags":[],"class_list":["post-4810","post","type-post","status-publish","format-standard","has-post-thumbnail","hentry","category-actividades"],"_links":{"self":[{"href":"https:\/\/idemar.cl\/inicio\/wp-json\/wp\/v2\/posts\/4810","targetHints":{"allow":["GET"]}}],"collection":[{"href":"https:\/\/idemar.cl\/inicio\/wp-json\/wp\/v2\/posts"}],"about":[{"href":"https:\/\/idemar.cl\/inicio\/wp-json\/wp\/v2\/types\/post"}],"author":[{"embeddable":true,"href":"https:\/\/idemar.cl\/inicio\/wp-json\/wp\/v2\/users\/3"}],"replies":[{"embeddable":true,"href":"https:\/\/idemar.cl\/inicio\/wp-json\/wp\/v2\/comments?post=4810"}],"version-history":[{"count":4,"href":"https:\/\/idemar.cl\/inicio\/wp-json\/wp\/v2\/posts\/4810\/revisions"}],"predecessor-version":[{"id":4815,"href":"https:\/\/idemar.cl\/inicio\/wp-json\/wp\/v2\/posts\/4810\/revisions\/4815"}],"wp:featuredmedia":[{"embeddable":true,"href":"https:\/\/idemar.cl\/inicio\/wp-json\/wp\/v2\/media\/4812"}],"wp:attachment":[{"href":"https:\/\/idemar.cl\/inicio\/wp-json\/wp\/v2\/media?parent=4810"}],"wp:term":[{"taxonomy":"category","embeddable":true,"href":"https:\/\/idemar.cl\/inicio\/wp-json\/wp\/v2\/categories?post=4810"},{"taxonomy":"post_tag","embeddable":true,"href":"https:\/\/idemar.cl\/inicio\/wp-json\/wp\/v2\/tags?post=4810"}],"curies":[{"name":"wp","href":"https:\/\/api.w.org\/{rel}","templated":true}]}}