{"id":4803,"date":"2026-08-31T11:00:52","date_gmt":"2026-08-31T15:00:52","guid":{"rendered":"https:\/\/idemar.cl\/inicio\/?p=4803"},"modified":"2026-08-31T11:03:27","modified_gmt":"2026-08-31T15:03:27","slug":"celebramos-el-dia-de-la-educacion-tecnico-profesional-en-idemar","status":"publish","type":"post","link":"https:\/\/idemar.cl\/inicio\/celebramos-el-dia-de-la-educacion-tecnico-profesional-en-idemar\/","title":{"rendered":"Celebramos el D\u00eda de la Educaci\u00f3n T\u00e9cnico Profesional en #IDEMAR"},"content":{"rendered":"\t\t<div data-elementor-type=\"wp-post\" data-elementor-id=\"4803\" class=\"elementor elementor-4803\" data-elementor-post-type=\"post\">\n\t\t\t\t\t\t<section class=\"elementor-section elementor-top-section elementor-element elementor-element-5b5d476 elementor-section-boxed elementor-section-height-default elementor-section-height-default\" data-id=\"5b5d476\" data-element_type=\"section\">\n\t\t\t\t\t\t<div class=\"elementor-container elementor-column-gap-default\">\n\t\t\t\t\t<div class=\"elementor-column elementor-col-50 elementor-top-column elementor-element elementor-element-1380d74\" data-id=\"1380d74\" data-element_type=\"column\">\n\t\t\t<div class=\"elementor-widget-wrap elementor-element-populated\">\n\t\t\t\t\t\t<div class=\"elementor-element elementor-element-c8c4353 elementor-widget elementor-widget-text-editor\" data-id=\"c8c4353\" data-element_type=\"widget\" data-widget_type=\"text-editor.default\">\n\t\t\t\t<div class=\"elementor-widget-container\">\n\t\t\t<style>\/*! elementor - v3.20.0 - 26-03-2024 *\/\n.elementor-widget-text-editor.elementor-drop-cap-view-stacked .elementor-drop-cap{background-color:#69727d;color:#fff}.elementor-widget-text-editor.elementor-drop-cap-view-framed .elementor-drop-cap{color:#69727d;border:3px solid;background-color:transparent}.elementor-widget-text-editor:not(.elementor-drop-cap-view-default) .elementor-drop-cap{margin-top:8px}.elementor-widget-text-editor:not(.elementor-drop-cap-view-default) .elementor-drop-cap-letter{width:1em;height:1em}.elementor-widget-text-editor .elementor-drop-cap{float:left;text-align:center;line-height:1;font-size:50px}.elementor-widget-text-editor .elementor-drop-cap-letter{display:inline-block}<\/style>\t\t\t\t<div class=\"x14z9mp xat24cr x1lziwak x1vvkbs xtlvy1s x126k92a\" style=\"white-space: pre-wrap; margin-inline: 0px; overflow-wrap: break-word; margin-bottom: 0px; margin-top: 0.5em; font-family: system-ui, -apple-system, 'system-ui', '.SFNSText-Regular', sans-serif; color: #080809; font-size: 15px; text-align: start;\"><div dir=\"auto\" style=\"font-family: inherit;\">Compartimos im\u00e1genes de nuestro acto de celebraci\u00f3n del D\u00eda de la Educaci\u00f3n T\u00e9cnico Profesional, una jornada en la que reconocimos el esfuerzo, compromiso y talento de nuestros estudiantes y docentes. <span class=\"html-span xexx8yu xyri2b x18d9i69 x1c1uobl x1hl2dhg x16tdsg8 x1vvkbs x3nfvp2 x1j61x8r x1fcty0u xdj266r xat24cr xm2jcoa x1mpyi22 xxymvpz xlup9mm x1kky2od\" style=\"text-align: inherit; padding-inline: 0px; margin-inline: 1px; overflow-wrap: break-word; display: inline-flex; vertical-align: middle; padding-bottom: 0px; width: 16px; margin-bottom: 0px; margin-top: 0px; padding-top: 0px; height: 16px; font-family: inherit;\"><img decoding=\"async\" class=\"xz74otr x15mokao x1ga7v0g x16uus16 xbiv7yw\" style=\"border-width: 0px; border-start-start-radius: 0px; border-end-end-radius: 0px; border-start-end-radius: 0px; border-end-start-radius: 0px; object-fit: fill;\" src=\"https:\/\/static.xx.fbcdn.net\/images\/emoji.php\/v9\/t9d\/2\/16\/1f44f.png\" alt=\"\ud83d\udc4f\" width=\"16\" height=\"16\" \/><\/span><\/div><\/div><div class=\"x14z9mp xat24cr x1lziwak x1vvkbs xtlvy1s x126k92a\" style=\"white-space: pre-wrap; margin-inline: 0px; overflow-wrap: break-word; margin-bottom: 0px; margin-top: 0.5em; font-family: system-ui, -apple-system, 'system-ui', '.SFNSText-Regular', sans-serif; color: #080809; font-size: 15px; text-align: start;\"><div dir=\"auto\" style=\"font-family: inherit;\"><span class=\"html-span xexx8yu xyri2b x18d9i69 x1c1uobl x1hl2dhg x16tdsg8 x1vvkbs x3nfvp2 x1j61x8r x1fcty0u xdj266r xat24cr xm2jcoa x1mpyi22 xxymvpz xlup9mm x1kky2od\" style=\"text-align: inherit; padding-inline: 0px; margin-inline: 1px; overflow-wrap: break-word; display: inline-flex; vertical-align: middle; padding-bottom: 0px; width: 16px; margin-bottom: 0px; margin-top: 0px; padding-top: 0px; height: 16px; font-family: inherit;\"><img decoding=\"async\" class=\"xz74otr x15mokao x1ga7v0g x16uus16 xbiv7yw\" style=\"border-width: 0px; border-start-start-radius: 0px; border-end-end-radius: 0px; border-start-end-radius: 0px; border-end-start-radius: 0px; object-fit: fill;\" src=\"https:\/\/static.xx.fbcdn.net\/images\/emoji.php\/v9\/tdc\/2\/16\/1f3c5.png\" alt=\"\ud83c\udfc5\" width=\"16\" height=\"16\" \/><\/span> En esta ocasi\u00f3n distinguimos a nuestros estudiantes destacados por su participaci\u00f3n en la Preba de Caguach, a quienes fueron reconocidos con el Mejor Sello T\u00e9cnico de cada especialidad, a nuestros estudiantes que clasificaron a la final del Campeonato Provincial de Debate y a quienes nos representaron destacadamente en el Concurso Comunal de Cueca, obteniendo el <span class=\"html-span xdj266r x14z9mp xat24cr x1lziwak xexx8yu xyri2b x18d9i69 x1c1uobl x1hl2dhg x16tdsg8 x1vvkbs\" style=\"margin-inline: 0px; text-align: inherit; padding-inline: 0px; overflow-wrap: break-word; padding-bottom: 0px; margin-bottom: 0px; margin-top: 0px; padding-top: 0px; font-family: inherit;\"><a class=\"x1i10hfl xjbqb8w x1ejq31n x18oe1m7 x1sy0etr xstzfhl x972fbf x10w94by x1qhh985 x14e42zd x9f619 x1ypdohk xt0psk2 x3ct3a4 xdj266r x14z9mp xat24cr x1lziwak xexx8yu xyri2b x18d9i69 x1c1uobl x16tdsg8 x1hl2dhg xggy1nq x1a2a7pz xkrqix3 x1sur9pj x1fey0fg x1s688f\" style=\"color: #0064d1; cursor: pointer; outline: none; border-inline-width: 0px; margin-inline: 0px; text-align: inherit; border-inline-style: none; padding-inline: 0px; -webkit-tap-highlight-color: transparent; font-weight: 600; list-style-type: none; touch-action: manipulation; display: inline; padding-bottom: 0px; border-top-style: none; border-bottom-width: 0px; border-bottom-style: none; border-top-width: 0px; margin-bottom: 0px; margin-top: 0px; padding-top: 0px; font-family: inherit;\" tabindex=\"0\" role=\"link\" href=\"https:\/\/l.facebook.com\/l.php?u=http%3A%2F%2F1.er%2F%3Ffbclid%3DIwcGRvZgFleHRuA2FlbQIxMABicmlkETEzaDU5Q0ZZS3dBa1FLVjlyc3J0YwZhcHBfaWQQMjIyMDM5MTc4ODIwMDg5MgABHtBqbetmm3rSa8KRaJVKN4iGxBhWFTDN95PEnKD8_fHm6UyhluctXXQpWSPs_aem_YS41_uJEvfZ-1Gy2Dl_vgA&amp;h=AUA50a7DyeGnJlZym3d9gd94uTNh8PkWZOvM9S6MGX3mZhaEE3MFRV-X_cwKEBjER9W6__nnjY4OnLje4Lq49ETsz2Thwi0ibk2AnFzWIgIBy1DdhKfm2SO9XL8CPj-hmPDx3S39Ay7VfkwqYamujw&amp;__tn__=-UK-R&amp;c[0]=AUCVABKYrgwaklE4lewAPrxCGN9lTR2el73zp3LU6Re6QPa83w-IczTL120RzxTfFpzrGGBNoeh8IA0CaFspBFXyQhzbZ4pDBYvAjJWYKAsT7ZFdMiYS-olnH36dBPCwy6F1s4QsbiW-g7aW_bik_BQFCR36OUObWZ7gsMDcZg\" target=\"_blank\" rel=\"nofollow noopener noreferrer\">1.er<\/a><\/span> lugar en Ense\u00f1anza Media y el <span class=\"html-span xdj266r x14z9mp xat24cr x1lziwak xexx8yu xyri2b x18d9i69 x1c1uobl x1hl2dhg x16tdsg8 x1vvkbs\" style=\"margin-inline: 0px; text-align: inherit; padding-inline: 0px; overflow-wrap: break-word; padding-bottom: 0px; margin-bottom: 0px; margin-top: 0px; padding-top: 0px; font-family: inherit;\"><a class=\"x1i10hfl xjbqb8w x1ejq31n x18oe1m7 x1sy0etr xstzfhl x972fbf x10w94by x1qhh985 x14e42zd x9f619 x1ypdohk xt0psk2 x3ct3a4 xdj266r x14z9mp xat24cr x1lziwak xexx8yu xyri2b x18d9i69 x1c1uobl x16tdsg8 x1hl2dhg xggy1nq x1a2a7pz xkrqix3 x1sur9pj x1fey0fg x1s688f\" style=\"color: #0064d1; cursor: pointer; outline: none; border-inline-width: 0px; margin-inline: 0px; text-align: inherit; border-inline-style: none; padding-inline: 0px; -webkit-tap-highlight-color: transparent; font-weight: 600; list-style-type: none; touch-action: manipulation; display: inline; padding-bottom: 0px; border-top-style: none; border-bottom-width: 0px; border-bottom-style: none; border-top-width: 0px; margin-bottom: 0px; margin-top: 0px; padding-top: 0px; font-family: inherit;\" tabindex=\"0\" role=\"link\" href=\"https:\/\/l.facebook.com\/l.php?u=http%3A%2F%2F3.er%2F%3Ffbclid%3DIwcGRvZgFleHRuA2FlbQIxMABicmlkETEzaDU5Q0ZZS3dBa1FLVjlyc3J0YwZhcHBfaWQQMjIyMDM5MTc4ODIwMDg5MgABHutg7W6ZjQ2RDEtkz49oWWauxL84qFB617ubb0vTdtAiArytr1m_CQC642AE_aem_9uw3dEU6vUTLJauOc0MR3w&amp;h=AUD2GHXKhnQQp7P36raqST9VaaAFUhKwjs5eDltzxxOiIBvhDUSjo9ygZPpdwKw6RADX-5bQ2wv7R57b__wEUigy5o1ef7Dol7Xs7Np_A4GxbvEeVf51y7yCZENy15_rU66-n5WTfus5Zxc5q22wPA&amp;__tn__=-UK-R&amp;c[0]=AUCVABKYrgwaklE4lewAPrxCGN9lTR2el73zp3LU6Re6QPa83w-IczTL120RzxTfFpzrGGBNoeh8IA0CaFspBFXyQhzbZ4pDBYvAjJWYKAsT7ZFdMiYS-olnH36dBPCwy6F1s4QsbiW-g7aW_bik_BQFCR36OUObWZ7gsMDcZg\" target=\"_blank\" rel=\"nofollow noopener noreferrer\">3.er<\/a><\/span> lugar en Ense\u00f1anza B\u00e1sica.<\/div><\/div><div class=\"x14z9mp xat24cr x1lziwak x1vvkbs xtlvy1s x126k92a\" style=\"white-space: pre-wrap; margin-inline: 0px; overflow-wrap: break-word; margin-bottom: 0px; margin-top: 0.5em; font-family: system-ui, -apple-system, 'system-ui', '.SFNSText-Regular', sans-serif; color: #080809; font-size: 15px; text-align: start;\"><div dir=\"auto\" style=\"font-family: inherit;\"><span class=\"html-span xexx8yu xyri2b x18d9i69 x1c1uobl x1hl2dhg x16tdsg8 x1vvkbs x3nfvp2 x1j61x8r x1fcty0u xdj266r xat24cr xm2jcoa x1mpyi22 xxymvpz xlup9mm x1kky2od\" style=\"text-align: inherit; padding-inline: 0px; margin-inline: 1px; overflow-wrap: break-word; display: inline-flex; vertical-align: middle; padding-bottom: 0px; width: 16px; margin-bottom: 0px; margin-top: 0px; padding-top: 0px; height: 16px; font-family: inherit;\"><img decoding=\"async\" class=\"xz74otr x15mokao x1ga7v0g x16uus16 xbiv7yw\" style=\"border-width: 0px; border-start-start-radius: 0px; border-end-end-radius: 0px; border-start-end-radius: 0px; border-end-start-radius: 0px; object-fit: fill;\" src=\"https:\/\/static.xx.fbcdn.net\/images\/emoji.php\/v9\/t95\/2\/16\/1f469_200d_1f3eb.png\" alt=\"\ud83d\udc69\u200d\ud83c\udfeb\" width=\"16\" height=\"16\" \/><\/span><span class=\"html-span xexx8yu xyri2b x18d9i69 x1c1uobl x1hl2dhg x16tdsg8 x1vvkbs x3nfvp2 x1j61x8r x1fcty0u xdj266r xat24cr xm2jcoa x1mpyi22 xxymvpz xlup9mm x1kky2od\" style=\"text-align: inherit; padding-inline: 0px; margin-inline: 1px; overflow-wrap: break-word; display: inline-flex; vertical-align: middle; padding-bottom: 0px; width: 16px; margin-bottom: 0px; margin-top: 0px; padding-top: 0px; height: 16px; font-family: inherit;\"><img loading=\"lazy\" decoding=\"async\" class=\"xz74otr x15mokao x1ga7v0g x16uus16 xbiv7yw\" style=\"border-width: 0px; border-start-start-radius: 0px; border-end-end-radius: 0px; border-start-end-radius: 0px; border-end-start-radius: 0px; object-fit: fill;\" src=\"https:\/\/static.xx.fbcdn.net\/images\/emoji.php\/v9\/tb6\/2\/16\/1f468_200d_1f3eb.png\" alt=\"\ud83d\udc68\u200d\ud83c\udfeb\" width=\"16\" height=\"16\" \/><\/span> De igual forma, reconocimos a nuestros docentes destacados en la Evaluaci\u00f3n Docente, quienes alcanzaron el tramo Experto I, reflejo de su trayectoria, compromiso y excelencia profesional.<\/div><\/div><div class=\"x14z9mp xat24cr x1lziwak x1vvkbs xtlvy1s x126k92a\" style=\"white-space: pre-wrap; margin-inline: 0px; overflow-wrap: break-word; margin-bottom: 0px; margin-top: 0.5em; font-family: system-ui, -apple-system, 'system-ui', '.SFNSText-Regular', sans-serif; color: #080809; font-size: 15px; text-align: start;\"><div dir=\"auto\" style=\"font-family: inherit;\">Una celebraci\u00f3n que nos recuerda el valor de la Educaci\u00f3n T\u00e9cnico Profesional y el orgullo de formar j\u00f3venes preparados para enfrentar los desaf\u00edos del futuro.<\/div><\/div><div class=\"x14z9mp xat24cr x1lziwak x1vvkbs xtlvy1s x126k92a\" style=\"white-space: pre-wrap; margin-inline: 0px; overflow-wrap: break-word; margin-bottom: 0px; margin-top: 0.5em; font-family: system-ui, -apple-system, 'system-ui', '.SFNSText-Regular', sans-serif; color: #080809; font-size: 15px; text-align: start;\"><div dir=\"auto\" style=\"font-family: inherit;\"><span class=\"html-span xexx8yu xyri2b x18d9i69 x1c1uobl x1hl2dhg x16tdsg8 x1vvkbs x3nfvp2 x1j61x8r x1fcty0u xdj266r xat24cr xm2jcoa x1mpyi22 xxymvpz xlup9mm x1kky2od\" style=\"text-align: inherit; padding-inline: 0px; margin-inline: 1px; overflow-wrap: break-word; display: inline-flex; vertical-align: middle; padding-bottom: 0px; width: 16px; margin-bottom: 0px; margin-top: 0px; padding-top: 0px; height: 16px; font-family: inherit;\"><img loading=\"lazy\" decoding=\"async\" class=\"xz74otr x15mokao x1ga7v0g x16uus16 xbiv7yw\" style=\"border-width: 0px; border-start-start-radius: 0px; border-end-end-radius: 0px; border-start-end-radius: 0px; border-end-start-radius: 0px; object-fit: fill;\" src=\"https:\/\/static.xx.fbcdn.net\/images\/emoji.php\/v9\/t8\/2\/16\/2693.png\" alt=\"\u2693\" width=\"16\" height=\"16\" \/><\/span> \u00a1Felicitaciones a todos nuestros estudiantes y docentes reconocidos!<\/div><\/div>\t\t\t\t\t\t<\/div>\n\t\t\t\t<\/div>\n\t\t\t\t\t<\/div>\n\t\t<\/div>\n\t\t\t\t<div class=\"elementor-column elementor-col-50 elementor-top-column elementor-element elementor-element-7992783\" data-id=\"7992783\" data-element_type=\"column\">\n\t\t\t<div class=\"elementor-widget-wrap elementor-element-populated\">\n\t\t\t\t\t\t<div class=\"elementor-element elementor-element-1a1ff3d elementor-widget elementor-widget-facebook-embed\" data-id=\"1a1ff3d\" data-element_type=\"widget\" data-widget_type=\"facebook-embed.default\">\n\t\t\t\t<div class=\"elementor-widget-container\">\n\t\t\t<style>\/*! elementor-pro - v3.20.0 - 26-03-2024 *\/\n.elementor-facebook-widget.fb_iframe_widget,.elementor-facebook-widget.fb_iframe_widget span{width:100%!important}.elementor-facebook-widget.fb_iframe_widget iframe{position:relative;width:100%!important}.elementor-facebook-widget.fb-like{height:1px}.elementor-widget-facebook-comments iframe{width:100%!important}<\/style><div style=\"min-height: 1px\" class=\"elementor-facebook-widget fb-post\" data-href=\"https:\/\/www.facebook.com\/photo\/?fbid=1750577410403869&#038;set=pcb.1750578537070423\" data-show-text=\"false\"><\/div>\t\t<\/div>\n\t\t\t\t<\/div>\n\t\t\t\t\t<\/div>\n\t\t<\/div>\n\t\t\t\t\t<\/div>\n\t\t<\/section>\n\t\t\t\t<\/div>\n\t\t","protected":false},"excerpt":{"rendered":"<p>Compartimos im\u00e1genes de nuestro acto de celebraci\u00f3n del D\u00eda de la Educaci\u00f3n T\u00e9cnico Profesional, una jornada en la que reconocimos el esfuerzo, compromiso y talento de nuestros estudiantes y docentes. En esta ocasi\u00f3n distinguimos a nuestros estudiantes destacados por su participaci\u00f3n en la Preba de Caguach, a quienes fueron reconocidos con el Mejor Sello T\u00e9cnico [&hellip;]<\/p>\n","protected":false},"author":3,"featured_media":4805,"comment_status":"open","ping_status":"open","sticky":false,"template":"","format":"standard","meta":{"footnotes":""},"categories":[1],"tags":[],"class_list":["post-4803","post","type-post","status-publish","format-standard","has-post-thumbnail","hentry","category-uncategorized"],"_links":{"self":[{"href":"https:\/\/idemar.cl\/inicio\/wp-json\/wp\/v2\/posts\/4803","targetHints":{"allow":["GET"]}}],"collection":[{"href":"https:\/\/idemar.cl\/inicio\/wp-json\/wp\/v2\/posts"}],"about":[{"href":"https:\/\/idemar.cl\/inicio\/wp-json\/wp\/v2\/types\/post"}],"author":[{"embeddable":true,"href":"https:\/\/idemar.cl\/inicio\/wp-json\/wp\/v2\/users\/3"}],"replies":[{"embeddable":true,"href":"https:\/\/idemar.cl\/inicio\/wp-json\/wp\/v2\/comments?post=4803"}],"version-history":[{"count":4,"href":"https:\/\/idemar.cl\/inicio\/wp-json\/wp\/v2\/posts\/4803\/revisions"}],"predecessor-version":[{"id":4808,"href":"https:\/\/idemar.cl\/inicio\/wp-json\/wp\/v2\/posts\/4803\/revisions\/4808"}],"wp:featuredmedia":[{"embeddable":true,"href":"https:\/\/idemar.cl\/inicio\/wp-json\/wp\/v2\/media\/4805"}],"wp:attachment":[{"href":"https:\/\/idemar.cl\/inicio\/wp-json\/wp\/v2\/media?parent=4803"}],"wp:term":[{"taxonomy":"category","embeddable":true,"href":"https:\/\/idemar.cl\/inicio\/wp-json\/wp\/v2\/categories?post=4803"},{"taxonomy":"post_tag","embeddable":true,"href":"https:\/\/idemar.cl\/inicio\/wp-json\/wp\/v2\/tags?post=4803"}],"curies":[{"name":"wp","href":"https:\/\/api.w.org\/{rel}","templated":true}]}}