{"id":4116,"date":"2026-04-29T14:20:59","date_gmt":"2026-04-29T18:20:59","guid":{"rendered":"https:\/\/idemar.cl\/inicio\/?p=4116"},"modified":"2026-04-30T12:13:45","modified_gmt":"2026-04-30T16:13:45","slug":"inicio-de-funciones-para-el-centro-de-alumno","status":"publish","type":"post","link":"https:\/\/idemar.cl\/inicio\/inicio-de-funciones-para-el-centro-de-alumno\/","title":{"rendered":"Inicio de Funciones para el Centro de Alumno"},"content":{"rendered":"\t\t<div data-elementor-type=\"wp-post\" data-elementor-id=\"4116\" class=\"elementor elementor-4116\" data-elementor-post-type=\"post\">\n\t\t\t\t\t\t<section class=\"elementor-section elementor-top-section elementor-element elementor-element-b255efc elementor-section-boxed elementor-section-height-default elementor-section-height-default\" data-id=\"b255efc\" data-element_type=\"section\">\n\t\t\t\t\t\t<div class=\"elementor-container elementor-column-gap-default\">\n\t\t\t\t\t<div class=\"elementor-column elementor-col-50 elementor-top-column elementor-element elementor-element-5bf2936\" data-id=\"5bf2936\" data-element_type=\"column\">\n\t\t\t<div class=\"elementor-widget-wrap elementor-element-populated\">\n\t\t\t\t\t\t<div class=\"elementor-element elementor-element-59e2db6 elementor-widget elementor-widget-text-editor\" data-id=\"59e2db6\" data-element_type=\"widget\" data-widget_type=\"text-editor.default\">\n\t\t\t\t<div class=\"elementor-widget-container\">\n\t\t\t<style>\/*! elementor - v3.20.0 - 26-03-2024 *\/\n.elementor-widget-text-editor.elementor-drop-cap-view-stacked .elementor-drop-cap{background-color:#69727d;color:#fff}.elementor-widget-text-editor.elementor-drop-cap-view-framed .elementor-drop-cap{color:#69727d;border:3px solid;background-color:transparent}.elementor-widget-text-editor:not(.elementor-drop-cap-view-default) .elementor-drop-cap{margin-top:8px}.elementor-widget-text-editor:not(.elementor-drop-cap-view-default) .elementor-drop-cap-letter{width:1em;height:1em}.elementor-widget-text-editor .elementor-drop-cap{float:left;text-align:center;line-height:1;font-size:50px}.elementor-widget-text-editor .elementor-drop-cap-letter{display:inline-block}<\/style>\t\t\t\t<div class=\"xdj266r x14z9mp xat24cr x1lziwak x1vvkbs x126k92a\"><div dir=\"auto\">Esta ma\u00f1ana, el Centro de Alumnos sostuvo un desayuno protocolar junto al equipo directivo de <span class=\"html-span xdj266r x14z9mp xat24cr x1lziwak xexx8yu xyri2b x18d9i69 x1c1uobl x1hl2dhg x16tdsg8 x1vvkbs\"><a class=\"x1i10hfl xjbqb8w x1ejq31n x18oe1m7 x1sy0etr xstzfhl x972fbf x10w94by x1qhh985 x14e42zd x9f619 x1ypdohk xt0psk2 x3ct3a4 xdj266r x14z9mp xat24cr x1lziwak xexx8yu xyri2b x18d9i69 x1c1uobl x16tdsg8 x1hl2dhg xggy1nq x1a2a7pz xkrqix3 x1sur9pj x1fey0fg x1s688f\" tabindex=\"0\" role=\"link\" href=\"https:\/\/www.facebook.com\/watch\/hashtag\/idemar\/?__cft__[0]=AZZodk06dKw3VyY4PxZ-Wj2ufJ04NDR__mhazVXgh_7gQxTCVagWM3qzwIfyJ9i6HreiDK76uYqmgI9yBk0kQRWqrEztIWRHKGv_sPg6ejcunWHzZhLgzqbxqmqmR1w-5Ogx8TLwMXIwelHavMRqJFK8K3Wd5OlS6ij0IRtQKmTFGRywbSyGc9lSnYz6_sx84wgaY-wq6W3zLXvqQh2jLhAS&amp;__tn__=*NK-R\">#IDEMAR<\/a><\/span>, en el marco del inicio de sus funciones como representantes estudiantiles.<\/div><div dir=\"auto\">\u00a0<\/div><\/div><div class=\"x14z9mp xat24cr x1lziwak x1vvkbs xtlvy1s x126k92a\"><div dir=\"auto\">Esta instancia permiti\u00f3 generar un primer espacio de di\u00e1logo, fortaleciendo el liderazgo, la participaci\u00f3n y el compromiso con nuestra comunidad educativa.<\/div><div dir=\"auto\">\u00a0<\/div><\/div><div class=\"x14z9mp xat24cr x1lziwak x1vvkbs xtlvy1s x126k92a\"><div dir=\"auto\">Felicitamos a nuestros j\u00f3venes por asumir este importante desaf\u00edo con responsabilidad y vocaci\u00f3n de servicio.<\/div><\/div>\t\t\t\t\t\t<\/div>\n\t\t\t\t<\/div>\n\t\t\t\t\t<\/div>\n\t\t<\/div>\n\t\t\t\t<div class=\"elementor-column elementor-col-50 elementor-top-column elementor-element elementor-element-b1bb87e\" data-id=\"b1bb87e\" data-element_type=\"column\">\n\t\t\t<div class=\"elementor-widget-wrap elementor-element-populated\">\n\t\t\t\t\t\t<div class=\"elementor-element elementor-element-40617a8 elementor-widget elementor-widget-facebook-embed\" data-id=\"40617a8\" data-element_type=\"widget\" data-widget_type=\"facebook-embed.default\">\n\t\t\t\t<div class=\"elementor-widget-container\">\n\t\t\t<style>\/*! elementor-pro - v3.20.0 - 26-03-2024 *\/\n.elementor-facebook-widget.fb_iframe_widget,.elementor-facebook-widget.fb_iframe_widget span{width:100%!important}.elementor-facebook-widget.fb_iframe_widget iframe{position:relative;width:100%!important}.elementor-facebook-widget.fb-like{height:1px}.elementor-widget-facebook-comments iframe{width:100%!important}<\/style><div style=\"min-height: 1px\" class=\"elementor-facebook-widget fb-post\" data-href=\"https:\/\/www.facebook.com\/reel\/1646241979850622\" data-show-text=\"false\"><\/div>\t\t<\/div>\n\t\t\t\t<\/div>\n\t\t\t\t\t<\/div>\n\t\t<\/div>\n\t\t\t\t\t<\/div>\n\t\t<\/section>\n\t\t\t\t<\/div>\n\t\t","protected":false},"excerpt":{"rendered":"<p>Esta ma\u00f1ana, el Centro de Alumnos sostuvo un desayuno protocolar junto al equipo directivo de #IDEMAR, en el marco del inicio de sus funciones como representantes estudiantiles.\u00a0Esta instancia permiti\u00f3 generar un primer espacio de di\u00e1logo, fortaleciendo el liderazgo, la participaci\u00f3n y el compromiso con nuestra comunidad educativa.\u00a0Felicitamos a nuestros j\u00f3venes por asumir este importante desaf\u00edo [&hellip;]<\/p>\n","protected":false},"author":5,"featured_media":4118,"comment_status":"open","ping_status":"open","sticky":false,"template":"","format":"standard","meta":{"footnotes":""},"categories":[28],"tags":[],"class_list":["post-4116","post","type-post","status-publish","format-standard","has-post-thumbnail","hentry","category-comunicado"],"_links":{"self":[{"href":"https:\/\/idemar.cl\/inicio\/wp-json\/wp\/v2\/posts\/4116","targetHints":{"allow":["GET"]}}],"collection":[{"href":"https:\/\/idemar.cl\/inicio\/wp-json\/wp\/v2\/posts"}],"about":[{"href":"https:\/\/idemar.cl\/inicio\/wp-json\/wp\/v2\/types\/post"}],"author":[{"embeddable":true,"href":"https:\/\/idemar.cl\/inicio\/wp-json\/wp\/v2\/users\/5"}],"replies":[{"embeddable":true,"href":"https:\/\/idemar.cl\/inicio\/wp-json\/wp\/v2\/comments?post=4116"}],"version-history":[{"count":4,"href":"https:\/\/idemar.cl\/inicio\/wp-json\/wp\/v2\/posts\/4116\/revisions"}],"predecessor-version":[{"id":4121,"href":"https:\/\/idemar.cl\/inicio\/wp-json\/wp\/v2\/posts\/4116\/revisions\/4121"}],"wp:featuredmedia":[{"embeddable":true,"href":"https:\/\/idemar.cl\/inicio\/wp-json\/wp\/v2\/media\/4118"}],"wp:attachment":[{"href":"https:\/\/idemar.cl\/inicio\/wp-json\/wp\/v2\/media?parent=4116"}],"wp:term":[{"taxonomy":"category","embeddable":true,"href":"https:\/\/idemar.cl\/inicio\/wp-json\/wp\/v2\/categories?post=4116"},{"taxonomy":"post_tag","embeddable":true,"href":"https:\/\/idemar.cl\/inicio\/wp-json\/wp\/v2\/tags?post=4116"}],"curies":[{"name":"wp","href":"https:\/\/api.w.org\/{rel}","templated":true}]}}