{"id":4107,"date":"2026-04-28T15:15:50","date_gmt":"2026-04-28T19:15:50","guid":{"rendered":"https:\/\/idemar.cl\/inicio\/?p=4107"},"modified":"2026-04-30T12:14:34","modified_gmt":"2026-04-30T16:14:34","slug":"reconocimiento-profesor","status":"publish","type":"post","link":"https:\/\/idemar.cl\/inicio\/reconocimiento-profesor\/","title":{"rendered":"Reconocimiento al Profesor de M\u00fasica"},"content":{"rendered":"\t\t<div data-elementor-type=\"wp-post\" data-elementor-id=\"4107\" class=\"elementor elementor-4107\" data-elementor-post-type=\"post\">\n\t\t\t\t\t\t<section class=\"elementor-section elementor-top-section elementor-element elementor-element-bc1def9 elementor-section-boxed elementor-section-height-default elementor-section-height-default\" data-id=\"bc1def9\" data-element_type=\"section\">\n\t\t\t\t\t\t<div class=\"elementor-container elementor-column-gap-default\">\n\t\t\t\t\t<div class=\"elementor-column elementor-col-50 elementor-top-column elementor-element elementor-element-150e11d\" data-id=\"150e11d\" data-element_type=\"column\">\n\t\t\t<div class=\"elementor-widget-wrap elementor-element-populated\">\n\t\t\t\t\t\t<div class=\"elementor-element elementor-element-791af31 elementor-widget elementor-widget-text-editor\" data-id=\"791af31\" data-element_type=\"widget\" data-widget_type=\"text-editor.default\">\n\t\t\t\t<div class=\"elementor-widget-container\">\n\t\t\t<style>\/*! elementor - v3.20.0 - 26-03-2024 *\/\n.elementor-widget-text-editor.elementor-drop-cap-view-stacked .elementor-drop-cap{background-color:#69727d;color:#fff}.elementor-widget-text-editor.elementor-drop-cap-view-framed .elementor-drop-cap{color:#69727d;border:3px solid;background-color:transparent}.elementor-widget-text-editor:not(.elementor-drop-cap-view-default) .elementor-drop-cap{margin-top:8px}.elementor-widget-text-editor:not(.elementor-drop-cap-view-default) .elementor-drop-cap-letter{width:1em;height:1em}.elementor-widget-text-editor .elementor-drop-cap{float:left;text-align:center;line-height:1;font-size:50px}.elementor-widget-text-editor .elementor-drop-cap-letter{display:inline-block}<\/style>\t\t\t\t<div class=\"xdj266r x14z9mp xat24cr x1lziwak x1vvkbs x126k92a\" style=\"white-space: pre-wrap; margin-inline: 0px; overflow-wrap: break-word; margin-bottom: 0px; margin-top: 0px; font-family: 'Segoe UI Historic', 'Segoe UI', Helvetica, Arial, sans-serif; color: #080809; font-size: 15px; text-align: start;\"><div dir=\"auto\" style=\"font-family: inherit;\"><span class=\"html-span xexx8yu xyri2b x18d9i69 x1c1uobl x1hl2dhg x16tdsg8 x1vvkbs x3nfvp2 x1j61x8r x1fcty0u xdj266r xat24cr xm2jcoa x1mpyi22 xxymvpz xlup9mm x1kky2od\" style=\"text-align: inherit; padding-inline: 0px; margin-inline: 1px; overflow-wrap: break-word; display: inline-flex; vertical-align: middle; padding-bottom: 0px; width: 16px; margin-bottom: 0px; margin-top: 0px; padding-top: 0px; height: 16px; font-family: inherit;\"><img decoding=\"async\" class=\"xz74otr x15mokao x1ga7v0g x16uus16 xbiv7yw\" style=\"border-width: 0px; border-start-start-radius: 0px; border-end-end-radius: 0px; border-start-end-radius: 0px; border-end-start-radius: 0px; object-fit: fill;\" src=\"https:\/\/static.xx.fbcdn.net\/images\/emoji.php\/v9\/t1f\/1\/16\/1f3b6.png\" alt=\"\ud83c\udfb6\" width=\"16\" height=\"16\" \/><\/span><span class=\"html-span xexx8yu xyri2b x18d9i69 x1c1uobl x1hl2dhg x16tdsg8 x1vvkbs x3nfvp2 x1j61x8r x1fcty0u xdj266r xat24cr xm2jcoa x1mpyi22 xxymvpz xlup9mm x1kky2od\" style=\"text-align: inherit; padding-inline: 0px; margin-inline: 1px; overflow-wrap: break-word; display: inline-flex; vertical-align: middle; padding-bottom: 0px; width: 16px; margin-bottom: 0px; margin-top: 0px; padding-top: 0px; height: 16px; font-family: inherit;\"><img decoding=\"async\" class=\"xz74otr x15mokao x1ga7v0g x16uus16 xbiv7yw\" style=\"border-width: 0px; border-start-start-radius: 0px; border-end-end-radius: 0px; border-start-end-radius: 0px; border-end-start-radius: 0px; object-fit: fill;\" src=\"https:\/\/static.xx.fbcdn.net\/images\/emoji.php\/v9\/tf4\/1\/16\/2728.png\" alt=\"\u2728\" width=\"16\" height=\"16\" \/><\/span> Orgullo <span class=\"html-span xdj266r x14z9mp xat24cr x1lziwak xexx8yu xyri2b x18d9i69 x1c1uobl x1hl2dhg x16tdsg8 x1vvkbs\" style=\"margin-inline: 0px; text-align: inherit; padding-inline: 0px; overflow-wrap: break-word; padding-bottom: 0px; margin-bottom: 0px; margin-top: 0px; padding-top: 0px; font-family: inherit;\"><a class=\"x1i10hfl xjbqb8w x1ejq31n x18oe1m7 x1sy0etr xstzfhl x972fbf x10w94by x1qhh985 x14e42zd x9f619 x1ypdohk xt0psk2 x3ct3a4 xdj266r x14z9mp xat24cr x1lziwak xexx8yu xyri2b x18d9i69 x1c1uobl x16tdsg8 x1hl2dhg xggy1nq x1a2a7pz xkrqix3 x1sur9pj x1fey0fg x1s688f\" style=\"color: #0064d1; cursor: pointer; outline: none; border-inline-width: 0px; margin-inline: 0px; text-align: inherit; border-inline-style: none; padding-inline: 0px; -webkit-tap-highlight-color: transparent; font-weight: 600; list-style-type: none; touch-action: manipulation; display: inline; padding-bottom: 0px; border-top-style: none; border-bottom-width: 0px; border-bottom-style: none; border-top-width: 0px; margin-bottom: 0px; margin-top: 0px; padding-top: 0px; font-family: inherit;\" tabindex=\"0\" role=\"link\" href=\"https:\/\/www.facebook.com\/watch\/hashtag\/idemar\/?__cft__[0]=AZZkhrMe13pLFtvkgKST0XzRxT7VuS3YfayG-ussuXaZ7luvnIInJt075paHB6MwVJeJ5IuVsubLEQMXJVwCE0HYXUefzZhJqPlHgFexmnZ9u9cpD4Dd4Gb4igK0_l_CcVNFBmmMRAElq1TOheFoJEsOfmnQyh0wp6F10Ma-pcENDP-d6dj30DeHNHzIebZoTCK8m8Iu0Jso9vTFBQFDYovU&amp;__tn__=*NK-R\">#IDEMAR<\/a><\/span><\/div><\/div><div class=\"x14z9mp xat24cr x1lziwak x1vvkbs xtlvy1s x126k92a\" style=\"white-space: pre-wrap; margin-inline: 0px; overflow-wrap: break-word; margin-bottom: 0px; margin-top: 0.5em; font-family: 'Segoe UI Historic', 'Segoe UI', Helvetica, Arial, sans-serif; color: #080809; font-size: 15px; text-align: start;\"><div dir=\"auto\" style=\"font-family: inherit;\">Con gran alegr\u00eda queremos reconocer y felicitar a nuestro profesor de m\u00fasica, Gonzalo Berm\u00fadez, por su destacada participaci\u00f3n en el encuentro folcl\u00f3rico nacional Cuecas Mil, siendo parte del grupo Manzanar de Chilo\u00e9 como bajista <span class=\"html-span xexx8yu xyri2b x18d9i69 x1c1uobl x1hl2dhg x16tdsg8 x1vvkbs x3nfvp2 x1j61x8r x1fcty0u xdj266r xat24cr xm2jcoa x1mpyi22 xxymvpz xlup9mm x1kky2od\" style=\"text-align: inherit; padding-inline: 0px; margin-inline: 1px; overflow-wrap: break-word; display: inline-flex; vertical-align: middle; padding-bottom: 0px; width: 16px; margin-bottom: 0px; margin-top: 0px; padding-top: 0px; height: 16px; font-family: inherit;\"><img decoding=\"async\" class=\"xz74otr x15mokao x1ga7v0g x16uus16 xbiv7yw\" style=\"border-width: 0px; border-start-start-radius: 0px; border-end-end-radius: 0px; border-start-end-radius: 0px; border-end-start-radius: 0px; object-fit: fill;\" src=\"https:\/\/static.xx.fbcdn.net\/images\/emoji.php\/v9\/t21\/1\/16\/1f3b8.png\" alt=\"\ud83c\udfb8\" width=\"16\" height=\"16\" \/><\/span><span class=\"html-span xexx8yu xyri2b x18d9i69 x1c1uobl x1hl2dhg x16tdsg8 x1vvkbs x3nfvp2 x1j61x8r x1fcty0u xdj266r xat24cr xm2jcoa x1mpyi22 xxymvpz xlup9mm x1kky2od\" style=\"text-align: inherit; padding-inline: 0px; margin-inline: 1px; overflow-wrap: break-word; display: inline-flex; vertical-align: middle; padding-bottom: 0px; width: 16px; margin-bottom: 0px; margin-top: 0px; padding-top: 0px; height: 16px; font-family: inherit;\"><img loading=\"lazy\" decoding=\"async\" class=\"xz74otr x15mokao x1ga7v0g x16uus16 xbiv7yw\" style=\"border-width: 0px; border-start-start-radius: 0px; border-end-end-radius: 0px; border-start-end-radius: 0px; border-end-start-radius: 0px; object-fit: fill;\" src=\"https:\/\/static.xx.fbcdn.net\/images\/emoji.php\/v9\/tc4\/1\/16\/1f1e8_1f1f1.png\" alt=\"\ud83c\udde8\ud83c\uddf1\" width=\"16\" height=\"16\" \/><\/span><\/div><\/div><div class=\"x14z9mp xat24cr x1lziwak x1vvkbs xtlvy1s x126k92a\" style=\"white-space: pre-wrap; margin-inline: 0px; overflow-wrap: break-word; margin-bottom: 0px; margin-top: 0.5em; font-family: 'Segoe UI Historic', 'Segoe UI', Helvetica, Arial, sans-serif; color: #080809; font-size: 15px; text-align: start;\"><div dir=\"auto\" style=\"font-family: inherit;\">Su compromiso con la m\u00fasica, la cultura y la excelencia art\u00edstica es un reflejo del sello que promovemos en nuestra comunidad educativa. Nos llena de orgullo contar con docentes que, adem\u00e1s de ense\u00f1ar, inspiran con su talento y trayectoria.<\/div><\/div><div class=\"x14z9mp xat24cr x1lziwak x1vvkbs xtlvy1s x126k92a\" style=\"white-space: pre-wrap; margin-inline: 0px; overflow-wrap: break-word; margin-bottom: 0px; margin-top: 0.5em; font-family: 'Segoe UI Historic', 'Segoe UI', Helvetica, Arial, sans-serif; color: #080809; font-size: 15px; text-align: start;\"><div dir=\"auto\" style=\"font-family: inherit;\"><span class=\"html-span xexx8yu xyri2b x18d9i69 x1c1uobl x1hl2dhg x16tdsg8 x1vvkbs x3nfvp2 x1j61x8r x1fcty0u xdj266r xat24cr xm2jcoa x1mpyi22 xxymvpz xlup9mm x1kky2od\" style=\"text-align: inherit; padding-inline: 0px; margin-inline: 1px; overflow-wrap: break-word; display: inline-flex; vertical-align: middle; padding-bottom: 0px; width: 16px; margin-bottom: 0px; margin-top: 0px; padding-top: 0px; height: 16px; font-family: inherit;\"><img loading=\"lazy\" decoding=\"async\" class=\"xz74otr x15mokao x1ga7v0g x16uus16 xbiv7yw\" style=\"border-width: 0px; border-start-start-radius: 0px; border-end-end-radius: 0px; border-start-end-radius: 0px; border-end-start-radius: 0px; object-fit: fill;\" src=\"https:\/\/static.xx.fbcdn.net\/images\/emoji.php\/v9\/tfe\/1\/16\/1f44f.png\" alt=\"\ud83d\udc4f\" width=\"16\" height=\"16\" \/><\/span> Gonzalo es un ejemplo vivo de que la pasi\u00f3n, la disciplina y la dedicaci\u00f3n abren caminos y generan oportunidades.<\/div><\/div><div class=\"x14z9mp xat24cr x1lziwak x1vvkbs xtlvy1s x126k92a\" style=\"white-space: pre-wrap; margin-inline: 0px; overflow-wrap: break-word; margin-bottom: 0px; margin-top: 0.5em; font-family: 'Segoe UI Historic', 'Segoe UI', Helvetica, Arial, sans-serif; color: #080809; font-size: 15px; text-align: start;\"><div dir=\"auto\" style=\"font-family: inherit;\"><span class=\"html-span xexx8yu xyri2b x18d9i69 x1c1uobl x1hl2dhg x16tdsg8 x1vvkbs x3nfvp2 x1j61x8r x1fcty0u xdj266r xat24cr xm2jcoa x1mpyi22 xxymvpz xlup9mm x1kky2od\" style=\"text-align: inherit; padding-inline: 0px; margin-inline: 1px; overflow-wrap: break-word; display: inline-flex; vertical-align: middle; padding-bottom: 0px; width: 16px; margin-bottom: 0px; margin-top: 0px; padding-top: 0px; height: 16px; font-family: inherit;\"><img loading=\"lazy\" decoding=\"async\" class=\"xz74otr x15mokao x1ga7v0g x16uus16 xbiv7yw\" style=\"border-width: 0px; border-start-start-radius: 0px; border-end-end-radius: 0px; border-start-end-radius: 0px; border-end-start-radius: 0px; object-fit: fill;\" src=\"https:\/\/static.xx.fbcdn.net\/images\/emoji.php\/v9\/te0\/1\/16\/1f31f.png\" alt=\"\ud83c\udf1f\" width=\"16\" height=\"16\" \/><\/span> A nuestros estudiantes, los invitamos a seguir este gran ejemplo: creer en sus talentos, esforzarse d\u00eda a d\u00eda y atreverse a so\u00f1ar en grande. \u00a1Cada uno de ustedes tiene el potencial para destacar y dejar huella!<\/div><\/div>\t\t\t\t\t\t<\/div>\n\t\t\t\t<\/div>\n\t\t\t\t\t<\/div>\n\t\t<\/div>\n\t\t\t\t<div class=\"elementor-column elementor-col-50 elementor-top-column elementor-element elementor-element-f68f29e\" data-id=\"f68f29e\" data-element_type=\"column\">\n\t\t\t<div class=\"elementor-widget-wrap elementor-element-populated\">\n\t\t\t\t\t\t<div class=\"elementor-element elementor-element-ba3c2d8 elementor-widget elementor-widget-facebook-embed\" data-id=\"ba3c2d8\" data-element_type=\"widget\" data-widget_type=\"facebook-embed.default\">\n\t\t\t\t<div class=\"elementor-widget-container\">\n\t\t\t<style>\/*! elementor-pro - v3.20.0 - 26-03-2024 *\/\n.elementor-facebook-widget.fb_iframe_widget,.elementor-facebook-widget.fb_iframe_widget span{width:100%!important}.elementor-facebook-widget.fb_iframe_widget iframe{position:relative;width:100%!important}.elementor-facebook-widget.fb-like{height:1px}.elementor-widget-facebook-comments iframe{width:100%!important}<\/style><div style=\"min-height: 1px\" class=\"elementor-facebook-widget fb-post\" data-href=\"https:\/\/www.facebook.com\/reel\/1531241335089014\" data-show-text=\"false\"><\/div>\t\t<\/div>\n\t\t\t\t<\/div>\n\t\t\t\t\t<\/div>\n\t\t<\/div>\n\t\t\t\t\t<\/div>\n\t\t<\/section>\n\t\t\t\t<\/div>\n\t\t","protected":false},"excerpt":{"rendered":"<p>Orgullo #IDEMARCon gran alegr\u00eda queremos reconocer y felicitar a nuestro profesor de m\u00fasica, Gonzalo Berm\u00fadez, por su destacada participaci\u00f3n en el encuentro folcl\u00f3rico nacional Cuecas Mil, siendo parte del grupo Manzanar de Chilo\u00e9 como bajista Su compromiso con la m\u00fasica, la cultura y la excelencia art\u00edstica es un reflejo del sello que promovemos en nuestra [&hellip;]<\/p>\n","protected":false},"author":5,"featured_media":4110,"comment_status":"open","ping_status":"open","sticky":false,"template":"","format":"standard","meta":{"footnotes":""},"categories":[39],"tags":[],"class_list":["post-4107","post","type-post","status-publish","format-standard","has-post-thumbnail","hentry","category-logros-y-reconocimientos"],"_links":{"self":[{"href":"https:\/\/idemar.cl\/inicio\/wp-json\/wp\/v2\/posts\/4107","targetHints":{"allow":["GET"]}}],"collection":[{"href":"https:\/\/idemar.cl\/inicio\/wp-json\/wp\/v2\/posts"}],"about":[{"href":"https:\/\/idemar.cl\/inicio\/wp-json\/wp\/v2\/types\/post"}],"author":[{"embeddable":true,"href":"https:\/\/idemar.cl\/inicio\/wp-json\/wp\/v2\/users\/5"}],"replies":[{"embeddable":true,"href":"https:\/\/idemar.cl\/inicio\/wp-json\/wp\/v2\/comments?post=4107"}],"version-history":[{"count":6,"href":"https:\/\/idemar.cl\/inicio\/wp-json\/wp\/v2\/posts\/4107\/revisions"}],"predecessor-version":[{"id":4115,"href":"https:\/\/idemar.cl\/inicio\/wp-json\/wp\/v2\/posts\/4107\/revisions\/4115"}],"wp:featuredmedia":[{"embeddable":true,"href":"https:\/\/idemar.cl\/inicio\/wp-json\/wp\/v2\/media\/4110"}],"wp:attachment":[{"href":"https:\/\/idemar.cl\/inicio\/wp-json\/wp\/v2\/media?parent=4107"}],"wp:term":[{"taxonomy":"category","embeddable":true,"href":"https:\/\/idemar.cl\/inicio\/wp-json\/wp\/v2\/categories?post=4107"},{"taxonomy":"post_tag","embeddable":true,"href":"https:\/\/idemar.cl\/inicio\/wp-json\/wp\/v2\/tags?post=4107"}],"curies":[{"name":"wp","href":"https:\/\/api.w.org\/{rel}","templated":true}]}}