{"id":3885,"date":"2026-04-28T13:11:51","date_gmt":"2026-04-28T17:11:51","guid":{"rendered":"https:\/\/idemar.cl\/inicio\/?p=3885"},"modified":"2026-04-28T13:12:16","modified_gmt":"2026-04-28T17:12:16","slug":"feria-de-matematica","status":"publish","type":"post","link":"https:\/\/idemar.cl\/inicio\/feria-de-matematica\/","title":{"rendered":"Feria de Matem\u00e1tica"},"content":{"rendered":"\t\t<div data-elementor-type=\"wp-post\" data-elementor-id=\"3885\" class=\"elementor elementor-3885\" data-elementor-post-type=\"post\">\n\t\t\t\t\t\t<section class=\"elementor-section elementor-top-section elementor-element elementor-element-ff3d366 elementor-section-boxed elementor-section-height-default elementor-section-height-default\" data-id=\"ff3d366\" data-element_type=\"section\">\n\t\t\t\t\t\t<div class=\"elementor-container elementor-column-gap-default\">\n\t\t\t\t\t<div class=\"elementor-column elementor-col-50 elementor-top-column elementor-element elementor-element-3646c18\" data-id=\"3646c18\" data-element_type=\"column\">\n\t\t\t<div class=\"elementor-widget-wrap elementor-element-populated\">\n\t\t\t\t\t\t<div class=\"elementor-element elementor-element-f25a980 elementor-widget elementor-widget-text-editor\" data-id=\"f25a980\" data-element_type=\"widget\" data-widget_type=\"text-editor.default\">\n\t\t\t\t<div class=\"elementor-widget-container\">\n\t\t\t<style>\/*! elementor - v3.20.0 - 26-03-2024 *\/\n.elementor-widget-text-editor.elementor-drop-cap-view-stacked .elementor-drop-cap{background-color:#69727d;color:#fff}.elementor-widget-text-editor.elementor-drop-cap-view-framed .elementor-drop-cap{color:#69727d;border:3px solid;background-color:transparent}.elementor-widget-text-editor:not(.elementor-drop-cap-view-default) .elementor-drop-cap{margin-top:8px}.elementor-widget-text-editor:not(.elementor-drop-cap-view-default) .elementor-drop-cap-letter{width:1em;height:1em}.elementor-widget-text-editor .elementor-drop-cap{float:left;text-align:center;line-height:1;font-size:50px}.elementor-widget-text-editor .elementor-drop-cap-letter{display:inline-block}<\/style>\t\t\t\t<div class=\"xdj266r x14z9mp xat24cr x1lziwak x1vvkbs x126k92a\"><div dir=\"auto\">En <span class=\"html-span xdj266r x14z9mp xat24cr x1lziwak xexx8yu xyri2b x18d9i69 x1c1uobl x1hl2dhg x16tdsg8 x1vvkbs\"><a class=\"x1i10hfl xjbqb8w x1ejq31n x18oe1m7 x1sy0etr xstzfhl x972fbf x10w94by x1qhh985 x14e42zd x9f619 x1ypdohk xt0psk2 x3ct3a4 xdj266r x14z9mp xat24cr x1lziwak xexx8yu xyri2b x18d9i69 x1c1uobl x16tdsg8 x1hl2dhg xggy1nq x1a2a7pz xkrqix3 x1sur9pj x1fey0fg x1s688f\" tabindex=\"0\" role=\"link\" href=\"https:\/\/web.facebook.com\/hashtag\/idemar?__cft__[0]=AZY2baygHhooYiesFhH1H-knGkXcrwcGl0SydkkDgWluReNv27mmwJhsOc6q1urJ5gZJcBBPwUdr24L-2RFSGSagK13uqC_ewfgeoC8EkxAJlOWgxYxab_FZgYqcHoQhYHBRrKyNIgXqyEywIszkeCKV5ye6oooxc0LuHyUscPFlqGmhVl5Zis39064t6X7xseI&amp;__tn__=*NK-R\">#IDEMAR<\/a><\/span> vivimos una jornada llena de aprendizaje, creatividad y entusiasmo con la realizaci\u00f3n de nuestra Feria de Matem\u00e1tica.<\/div><\/div><div class=\"x14z9mp xat24cr x1lziwak x1vvkbs xtlvy1s x126k92a\"><div dir=\"auto\">Nuestros estudiantes participaron activamente presentando diversos trabajos, juegos y desaf\u00edos matem\u00e1ticos, demostrando que esta disciplina no solo es fundamental para el desarrollo acad\u00e9mico, sino tambi\u00e9n una herramienta para comprender el mundo que nos rodea.<\/div><\/div><div class=\"x14z9mp xat24cr x1lziwak x1vvkbs xtlvy1s x126k92a\"><div dir=\"auto\">La actividad permiti\u00f3 fortalecer habilidades como el pensamiento l\u00f3gico, la resoluci\u00f3n de problemas y el trabajo colaborativo, en un ambiente din\u00e1mico y participativo.<\/div><\/div><div class=\"x14z9mp xat24cr x1lziwak x1vvkbs xtlvy1s x126k92a\"><div dir=\"auto\">Felicitamos a todos nuestros estudiantes por su compromiso y dedicaci\u00f3n, as\u00ed como a los docentes que hicieron posible esta significativa instancia de aprendizaje.<\/div><\/div><div class=\"x14z9mp xat24cr x1lziwak x1vvkbs xtlvy1s x126k92a\"><div dir=\"auto\"><span class=\"html-span xexx8yu xyri2b x18d9i69 x1c1uobl x1hl2dhg x16tdsg8 x1vvkbs x3nfvp2 x1j61x8r x1fcty0u xdj266r xat24cr xm2jcoa x1mpyi22 xxymvpz xlup9mm x1kky2od\"><img decoding=\"async\" class=\"xz74otr x15mokao x1ga7v0g x16uus16 xbiv7yw\" src=\"https:\/\/static.xx.fbcdn.net\/images\/emoji.php\/v9\/t6c\/1\/16\/1f499.png\" alt=\"\ud83d\udc99\" width=\"16\" height=\"16\" \/><\/span> En <span class=\"html-span xdj266r x14z9mp xat24cr x1lziwak xexx8yu xyri2b x18d9i69 x1c1uobl x1hl2dhg x16tdsg8 x1vvkbs\"><a class=\"x1i10hfl xjbqb8w x1ejq31n x18oe1m7 x1sy0etr xstzfhl x972fbf x10w94by x1qhh985 x14e42zd x9f619 x1ypdohk xt0psk2 x3ct3a4 xdj266r x14z9mp xat24cr x1lziwak xexx8yu xyri2b x18d9i69 x1c1uobl x16tdsg8 x1hl2dhg xggy1nq x1a2a7pz xkrqix3 x1sur9pj x1fey0fg x1s688f\" tabindex=\"0\" role=\"link\" href=\"https:\/\/web.facebook.com\/hashtag\/idemar?__cft__[0]=AZY2baygHhooYiesFhH1H-knGkXcrwcGl0SydkkDgWluReNv27mmwJhsOc6q1urJ5gZJcBBPwUdr24L-2RFSGSagK13uqC_ewfgeoC8EkxAJlOWgxYxab_FZgYqcHoQhYHBRrKyNIgXqyEywIszkeCKV5ye6oooxc0LuHyUscPFlqGmhVl5Zis39064t6X7xseI&amp;__tn__=*NK-R\">#IDEMAR<\/a><\/span> seguimos promoviendo experiencias educativas que inspiran, motivan y desarrollan talentos.<\/div><\/div>\t\t\t\t\t\t<\/div>\n\t\t\t\t<\/div>\n\t\t\t\t\t<\/div>\n\t\t<\/div>\n\t\t\t\t<div class=\"elementor-column elementor-col-50 elementor-top-column elementor-element elementor-element-4652b57\" data-id=\"4652b57\" data-element_type=\"column\">\n\t\t\t<div class=\"elementor-widget-wrap elementor-element-populated\">\n\t\t\t\t\t\t<div class=\"elementor-element elementor-element-a39fa41 elementor-widget elementor-widget-facebook-embed\" data-id=\"a39fa41\" data-element_type=\"widget\" data-widget_type=\"facebook-embed.default\">\n\t\t\t\t<div class=\"elementor-widget-container\">\n\t\t\t<style>\/*! elementor-pro - v3.20.0 - 26-03-2024 *\/\n.elementor-facebook-widget.fb_iframe_widget,.elementor-facebook-widget.fb_iframe_widget span{width:100%!important}.elementor-facebook-widget.fb_iframe_widget iframe{position:relative;width:100%!important}.elementor-facebook-widget.fb-like{height:1px}.elementor-widget-facebook-comments iframe{width:100%!important}<\/style><div style=\"min-height: 1px\" class=\"elementor-facebook-widget fb-post\" data-href=\"https:\/\/web.facebook.com\/photo\/?fbid=1611254194336192&#038;set=pcb.1611255134336098&#038;locale=es_LA\" data-show-text=\"false\"><\/div>\t\t<\/div>\n\t\t\t\t<\/div>\n\t\t\t\t\t<\/div>\n\t\t<\/div>\n\t\t\t\t\t<\/div>\n\t\t<\/section>\n\t\t\t\t<\/div>\n\t\t","protected":false},"excerpt":{"rendered":"<p>En #IDEMAR vivimos una jornada llena de aprendizaje, creatividad y entusiasmo con la realizaci\u00f3n de nuestra Feria de Matem\u00e1tica.Nuestros estudiantes participaron activamente presentando diversos trabajos, juegos y desaf\u00edos matem\u00e1ticos, demostrando que esta disciplina no solo es fundamental para el desarrollo acad\u00e9mico, sino tambi\u00e9n una herramienta para comprender el mundo que nos rodea.La actividad permiti\u00f3 fortalecer [&hellip;]<\/p>\n","protected":false},"author":5,"featured_media":3886,"comment_status":"open","ping_status":"open","sticky":false,"template":"","format":"standard","meta":{"footnotes":""},"categories":[10],"tags":[],"class_list":["post-3885","post","type-post","status-publish","format-standard","has-post-thumbnail","hentry","category-feria"],"_links":{"self":[{"href":"https:\/\/idemar.cl\/inicio\/wp-json\/wp\/v2\/posts\/3885","targetHints":{"allow":["GET"]}}],"collection":[{"href":"https:\/\/idemar.cl\/inicio\/wp-json\/wp\/v2\/posts"}],"about":[{"href":"https:\/\/idemar.cl\/inicio\/wp-json\/wp\/v2\/types\/post"}],"author":[{"embeddable":true,"href":"https:\/\/idemar.cl\/inicio\/wp-json\/wp\/v2\/users\/5"}],"replies":[{"embeddable":true,"href":"https:\/\/idemar.cl\/inicio\/wp-json\/wp\/v2\/comments?post=3885"}],"version-history":[{"count":3,"href":"https:\/\/idemar.cl\/inicio\/wp-json\/wp\/v2\/posts\/3885\/revisions"}],"predecessor-version":[{"id":3889,"href":"https:\/\/idemar.cl\/inicio\/wp-json\/wp\/v2\/posts\/3885\/revisions\/3889"}],"wp:featuredmedia":[{"embeddable":true,"href":"https:\/\/idemar.cl\/inicio\/wp-json\/wp\/v2\/media\/3886"}],"wp:attachment":[{"href":"https:\/\/idemar.cl\/inicio\/wp-json\/wp\/v2\/media?parent=3885"}],"wp:term":[{"taxonomy":"category","embeddable":true,"href":"https:\/\/idemar.cl\/inicio\/wp-json\/wp\/v2\/categories?post=3885"},{"taxonomy":"post_tag","embeddable":true,"href":"https:\/\/idemar.cl\/inicio\/wp-json\/wp\/v2\/tags?post=3885"}],"curies":[{"name":"wp","href":"https:\/\/api.w.org\/{rel}","templated":true}]}}