{"id":3879,"date":"2026-04-28T13:07:13","date_gmt":"2026-04-28T17:07:13","guid":{"rendered":"https:\/\/idemar.cl\/inicio\/?p=3879"},"modified":"2026-04-28T13:12:45","modified_gmt":"2026-04-28T17:12:45","slug":"dia-mundial-de-la-actividad-fisica-2","status":"publish","type":"post","link":"https:\/\/idemar.cl\/inicio\/dia-mundial-de-la-actividad-fisica-2\/","title":{"rendered":"D\u00eda Mundial de la Actividad F\u00edsica"},"content":{"rendered":"\t\t<div data-elementor-type=\"wp-post\" data-elementor-id=\"3879\" class=\"elementor elementor-3879\" data-elementor-post-type=\"post\">\n\t\t\t\t\t\t<section class=\"elementor-section elementor-top-section elementor-element elementor-element-721c57d elementor-section-boxed elementor-section-height-default elementor-section-height-default\" data-id=\"721c57d\" data-element_type=\"section\">\n\t\t\t\t\t\t<div class=\"elementor-container elementor-column-gap-default\">\n\t\t\t\t\t<div class=\"elementor-column elementor-col-50 elementor-top-column elementor-element elementor-element-d7de239\" data-id=\"d7de239\" data-element_type=\"column\">\n\t\t\t<div class=\"elementor-widget-wrap elementor-element-populated\">\n\t\t\t\t\t\t<div class=\"elementor-element elementor-element-98429b3 elementor-widget elementor-widget-text-editor\" data-id=\"98429b3\" data-element_type=\"widget\" data-widget_type=\"text-editor.default\">\n\t\t\t\t<div class=\"elementor-widget-container\">\n\t\t\t<style>\/*! elementor - v3.20.0 - 26-03-2024 *\/\n.elementor-widget-text-editor.elementor-drop-cap-view-stacked .elementor-drop-cap{background-color:#69727d;color:#fff}.elementor-widget-text-editor.elementor-drop-cap-view-framed .elementor-drop-cap{color:#69727d;border:3px solid;background-color:transparent}.elementor-widget-text-editor:not(.elementor-drop-cap-view-default) .elementor-drop-cap{margin-top:8px}.elementor-widget-text-editor:not(.elementor-drop-cap-view-default) .elementor-drop-cap-letter{width:1em;height:1em}.elementor-widget-text-editor .elementor-drop-cap{float:left;text-align:center;line-height:1;font-size:50px}.elementor-widget-text-editor .elementor-drop-cap-letter{display:inline-block}<\/style>\t\t\t\t<div class=\"xdj266r x14z9mp xat24cr x1lziwak x1vvkbs x126k92a\"><div dir=\"auto\">Con mucha alegr\u00eda conmemoramos en <span class=\"html-span xdj266r x14z9mp xat24cr x1lziwak xexx8yu xyri2b x18d9i69 x1c1uobl x1hl2dhg x16tdsg8 x1vvkbs\"><a class=\"x1i10hfl xjbqb8w x1ejq31n x18oe1m7 x1sy0etr xstzfhl x972fbf x10w94by x1qhh985 x14e42zd x9f619 x1ypdohk xt0psk2 x3ct3a4 xdj266r x14z9mp xat24cr x1lziwak xexx8yu xyri2b x18d9i69 x1c1uobl x16tdsg8 x1hl2dhg xggy1nq x1a2a7pz xkrqix3 x1sur9pj x1fey0fg x1s688f\" tabindex=\"0\" role=\"link\" href=\"https:\/\/web.facebook.com\/hashtag\/idemar?__cft__[0]=AZZufszTkED8wBXXxCPjnMopouzke9z7wGuqVI-BsjPiRZlDPWQw0NcxFe8bSaNVMjEU7_4Fy5A-g4VXcbLzF3rCuj3GH5N4XyDvb6WopSE0zQGLgaPMDgXcNsfpNqvyy24_GXTMIBdxyBA-1cETv7Se72wnNpm9iGlkvEDgIIqBvEyPlX2GuufF5jttkzjtIEw&amp;__tn__=*NK-R\">#IDEMAR<\/a><\/span> el D\u00eda Mundial de la Actividad F\u00edsica.<\/div><div dir=\"auto\">En esta especial jornada, estudiantes y profesores compartieron un entretenido partido amistoso, marcando adem\u00e1s la inauguraci\u00f3n de la remodelaci\u00f3n de nuestra cancha de baby f\u00fatbol.<\/div><\/div><div class=\"x14z9mp xat24cr x1lziwak x1vvkbs xtlvy1s x126k92a\"><div dir=\"auto\">Seguimos promoviendo la vida activa, la sana convivencia y el deporte en comunidad.<\/div><\/div>\t\t\t\t\t\t<\/div>\n\t\t\t\t<\/div>\n\t\t\t\t\t<\/div>\n\t\t<\/div>\n\t\t\t\t<div class=\"elementor-column elementor-col-50 elementor-top-column elementor-element elementor-element-b0cb235\" data-id=\"b0cb235\" data-element_type=\"column\">\n\t\t\t<div class=\"elementor-widget-wrap elementor-element-populated\">\n\t\t\t\t\t\t<div class=\"elementor-element elementor-element-44c5525 elementor-widget elementor-widget-facebook-embed\" data-id=\"44c5525\" data-element_type=\"widget\" data-widget_type=\"facebook-embed.default\">\n\t\t\t\t<div class=\"elementor-widget-container\">\n\t\t\t<style>\/*! elementor-pro - v3.20.0 - 26-03-2024 *\/\n.elementor-facebook-widget.fb_iframe_widget,.elementor-facebook-widget.fb_iframe_widget span{width:100%!important}.elementor-facebook-widget.fb_iframe_widget iframe{position:relative;width:100%!important}.elementor-facebook-widget.fb-like{height:1px}.elementor-widget-facebook-comments iframe{width:100%!important}<\/style><div style=\"min-height: 1px\" class=\"elementor-facebook-widget fb-post\" data-href=\"https:\/\/web.facebook.com\/photo?fbid=1610190144442597&#038;set=pcb.1610191084442503&#038;locale=es_LA\" data-show-text=\"false\"><\/div>\t\t<\/div>\n\t\t\t\t<\/div>\n\t\t\t\t\t<\/div>\n\t\t<\/div>\n\t\t\t\t\t<\/div>\n\t\t<\/section>\n\t\t\t\t<\/div>\n\t\t","protected":false},"excerpt":{"rendered":"<p>Con mucha alegr\u00eda conmemoramos en #IDEMAR el D\u00eda Mundial de la Actividad F\u00edsica.En esta especial jornada, estudiantes y profesores compartieron un entretenido partido amistoso, marcando adem\u00e1s la inauguraci\u00f3n de la remodelaci\u00f3n de nuestra cancha de baby f\u00fatbol.Seguimos promoviendo la vida activa, la sana convivencia y el deporte en comunidad.<\/p>\n","protected":false},"author":5,"featured_media":3881,"comment_status":"open","ping_status":"open","sticky":false,"template":"","format":"standard","meta":{"footnotes":""},"categories":[30,11],"tags":[],"class_list":["post-3879","post","type-post","status-publish","format-standard","has-post-thumbnail","hentry","category-actividades","category-deporte"],"_links":{"self":[{"href":"https:\/\/idemar.cl\/inicio\/wp-json\/wp\/v2\/posts\/3879","targetHints":{"allow":["GET"]}}],"collection":[{"href":"https:\/\/idemar.cl\/inicio\/wp-json\/wp\/v2\/posts"}],"about":[{"href":"https:\/\/idemar.cl\/inicio\/wp-json\/wp\/v2\/types\/post"}],"author":[{"embeddable":true,"href":"https:\/\/idemar.cl\/inicio\/wp-json\/wp\/v2\/users\/5"}],"replies":[{"embeddable":true,"href":"https:\/\/idemar.cl\/inicio\/wp-json\/wp\/v2\/comments?post=3879"}],"version-history":[{"count":4,"href":"https:\/\/idemar.cl\/inicio\/wp-json\/wp\/v2\/posts\/3879\/revisions"}],"predecessor-version":[{"id":3884,"href":"https:\/\/idemar.cl\/inicio\/wp-json\/wp\/v2\/posts\/3879\/revisions\/3884"}],"wp:featuredmedia":[{"embeddable":true,"href":"https:\/\/idemar.cl\/inicio\/wp-json\/wp\/v2\/media\/3881"}],"wp:attachment":[{"href":"https:\/\/idemar.cl\/inicio\/wp-json\/wp\/v2\/media?parent=3879"}],"wp:term":[{"taxonomy":"category","embeddable":true,"href":"https:\/\/idemar.cl\/inicio\/wp-json\/wp\/v2\/categories?post=3879"},{"taxonomy":"post_tag","embeddable":true,"href":"https:\/\/idemar.cl\/inicio\/wp-json\/wp\/v2\/tags?post=3879"}],"curies":[{"name":"wp","href":"https:\/\/api.w.org\/{rel}","templated":true}]}}