{"id":3802,"date":"2026-04-28T10:13:19","date_gmt":"2026-04-28T14:13:19","guid":{"rendered":"https:\/\/idemar.cl\/inicio\/?p=3802"},"modified":"2026-04-28T10:13:32","modified_gmt":"2026-04-28T14:13:32","slug":"dia-mundial-de-la-concienciacion-sobre-el-autismo-2","status":"publish","type":"post","link":"https:\/\/idemar.cl\/inicio\/dia-mundial-de-la-concienciacion-sobre-el-autismo-2\/","title":{"rendered":"D\u00eda Mundial de la Concienciaci\u00f3n sobre el Autismo"},"content":{"rendered":"\t\t<div data-elementor-type=\"wp-post\" data-elementor-id=\"3802\" class=\"elementor elementor-3802\" data-elementor-post-type=\"post\">\n\t\t\t\t\t\t<section class=\"elementor-section elementor-top-section elementor-element elementor-element-96eeea9 elementor-section-boxed elementor-section-height-default elementor-section-height-default\" data-id=\"96eeea9\" data-element_type=\"section\">\n\t\t\t\t\t\t<div class=\"elementor-container elementor-column-gap-default\">\n\t\t\t\t\t<div class=\"elementor-column elementor-col-50 elementor-top-column elementor-element elementor-element-46105ea\" data-id=\"46105ea\" data-element_type=\"column\">\n\t\t\t<div class=\"elementor-widget-wrap elementor-element-populated\">\n\t\t\t\t\t\t<div class=\"elementor-element elementor-element-23ed55e elementor-widget elementor-widget-text-editor\" data-id=\"23ed55e\" data-element_type=\"widget\" data-widget_type=\"text-editor.default\">\n\t\t\t\t<div class=\"elementor-widget-container\">\n\t\t\t<style>\/*! elementor - v3.20.0 - 26-03-2024 *\/\n.elementor-widget-text-editor.elementor-drop-cap-view-stacked .elementor-drop-cap{background-color:#69727d;color:#fff}.elementor-widget-text-editor.elementor-drop-cap-view-framed .elementor-drop-cap{color:#69727d;border:3px solid;background-color:transparent}.elementor-widget-text-editor:not(.elementor-drop-cap-view-default) .elementor-drop-cap{margin-top:8px}.elementor-widget-text-editor:not(.elementor-drop-cap-view-default) .elementor-drop-cap-letter{width:1em;height:1em}.elementor-widget-text-editor .elementor-drop-cap{float:left;text-align:center;line-height:1;font-size:50px}.elementor-widget-text-editor .elementor-drop-cap-letter{display:inline-block}<\/style>\t\t\t\t<div class=\"xdj266r x14z9mp xat24cr x1lziwak x1vvkbs x126k92a\" style=\"white-space: pre-wrap; margin-inline: 0px; overflow-wrap: break-word; margin-bottom: 0px; margin-top: 0px; font-family: 'Segoe UI Historic', 'Segoe UI', Helvetica, Arial, sans-serif; color: #080809; font-size: 15px; text-align: start;\"><div dir=\"auto\" style=\"font-family: inherit;\">Hoy, en el D\u00eda Mundial de la Concienciaci\u00f3n sobre el Autismo <span class=\"html-span xexx8yu xyri2b x18d9i69 x1c1uobl x1hl2dhg x16tdsg8 x1vvkbs x3nfvp2 x1j61x8r x1fcty0u xdj266r xat24cr xm2jcoa x1mpyi22 xxymvpz xlup9mm x1kky2od\" style=\"text-align: inherit; padding-inline: 0px; margin-inline: 1px; overflow-wrap: break-word; display: inline-flex; vertical-align: middle; padding-bottom: 0px; width: 16px; margin-bottom: 0px; margin-top: 0px; padding-top: 0px; height: 16px; font-family: inherit;\"><img decoding=\"async\" class=\"xz74otr x15mokao x1ga7v0g x16uus16 xbiv7yw\" style=\"border-width: 0px; border-start-start-radius: 0px; border-end-end-radius: 0px; border-start-end-radius: 0px; border-end-start-radius: 0px; object-fit: fill;\" src=\"https:\/\/static.xx.fbcdn.net\/images\/emoji.php\/v9\/t6c\/1\/16\/1f499.png\" alt=\"\ud83d\udc99\" width=\"16\" height=\"16\" \/><\/span>, como comunidad educativa queremos relevar la importancia de comprender, respetar y valorar la neurodivergencia.<\/div><\/div><div class=\"x14z9mp xat24cr x1lziwak x1vvkbs xtlvy1s x126k92a\" style=\"white-space: pre-wrap; margin-inline: 0px; overflow-wrap: break-word; margin-bottom: 0px; margin-top: 0.5em; font-family: 'Segoe UI Historic', 'Segoe UI', Helvetica, Arial, sans-serif; color: #080809; font-size: 15px; text-align: start;\"><div dir=\"auto\" style=\"font-family: inherit;\">En el <span class=\"html-span xdj266r x14z9mp xat24cr x1lziwak xexx8yu xyri2b x18d9i69 x1c1uobl x1hl2dhg x16tdsg8 x1vvkbs\" style=\"margin-inline: 0px; text-align: inherit; padding-inline: 0px; overflow-wrap: break-word; padding-bottom: 0px; margin-bottom: 0px; margin-top: 0px; padding-top: 0px; font-family: inherit;\"><a class=\"x1i10hfl xjbqb8w x1ejq31n x18oe1m7 x1sy0etr xstzfhl x972fbf x10w94by x1qhh985 x14e42zd x9f619 x1ypdohk xt0psk2 x3ct3a4 xdj266r x14z9mp xat24cr x1lziwak xexx8yu xyri2b x18d9i69 x1c1uobl x16tdsg8 x1hl2dhg xggy1nq x1a2a7pz xkrqix3 x1sur9pj x1fey0fg x1s688f\" style=\"color: #0064d1; cursor: pointer; outline: none; border-inline-width: 0px; margin-inline: 0px; text-align: inherit; border-inline-style: none; padding-inline: 0px; -webkit-tap-highlight-color: transparent; font-weight: 600; list-style-type: none; touch-action: manipulation; display: inline; padding-bottom: 0px; border-top-style: none; border-bottom-width: 0px; border-bottom-style: none; border-top-width: 0px; margin-bottom: 0px; margin-top: 0px; padding-top: 0px; font-family: inherit;\" tabindex=\"0\" role=\"link\" href=\"https:\/\/www.facebook.com\/watch\/hashtag\/idemar\/?__cft__[0]=AZakaaC-fnQwoHm4CpacQmS3zks3Ld0e_K92KRi0AzWJO16otYnBGAApEmV67xuXxZDYI1grm684REpugGDsOoLbeI4QZiTSr8i8k861QcSuVg_etblsRJngY5TumLGAsoSINVraUpsXGc5XJCmAv1NcyVt1sb4fD2lkpZptvZ9DXiUaDETR30I7m9Y2LTzkXrSttl6B2UGXTNVKHNyvSa7w&amp;__tn__=*NK-R\">#IDEMAR<\/a><\/span> promovemos una educaci\u00f3n inclusiva, donde cada estudiante es reconocido en su individualidad, entendiendo que existen diversas formas de aprender, sentir y relacionarse con el mundo <span class=\"html-span xexx8yu xyri2b x18d9i69 x1c1uobl x1hl2dhg x16tdsg8 x1vvkbs x3nfvp2 x1j61x8r x1fcty0u xdj266r xat24cr xm2jcoa x1mpyi22 xxymvpz xlup9mm x1kky2od\" style=\"text-align: inherit; padding-inline: 0px; margin-inline: 1px; overflow-wrap: break-word; display: inline-flex; vertical-align: middle; padding-bottom: 0px; width: 16px; margin-bottom: 0px; margin-top: 0px; padding-top: 0px; height: 16px; font-family: inherit;\"><img decoding=\"async\" class=\"xz74otr x15mokao x1ga7v0g x16uus16 xbiv7yw\" style=\"border-width: 0px; border-start-start-radius: 0px; border-end-end-radius: 0px; border-start-end-radius: 0px; border-end-start-radius: 0px; object-fit: fill;\" src=\"https:\/\/static.xx.fbcdn.net\/images\/emoji.php\/v9\/tc0\/1\/16\/1f30e.png\" alt=\"\ud83c\udf0e\" width=\"16\" height=\"16\" \/><\/span>.<\/div><\/div><div class=\"x14z9mp xat24cr x1lziwak x1vvkbs xtlvy1s x126k92a\" style=\"white-space: pre-wrap; margin-inline: 0px; overflow-wrap: break-word; margin-bottom: 0px; margin-top: 0.5em; font-family: 'Segoe UI Historic', 'Segoe UI', Helvetica, Arial, sans-serif; color: #080809; font-size: 15px; text-align: start;\"><div dir=\"auto\" style=\"font-family: inherit;\">A trav\u00e9s de este video de \u201cmitos y verdades\u201d, buscamos generar reflexi\u00f3n, derribar prejuicios y avanzar hacia una comunidad m\u00e1s emp\u00e1tica, informada y respetuosa.<\/div><\/div><div class=\"x14z9mp xat24cr x1lziwak x1vvkbs xtlvy1s x126k92a\" style=\"white-space: pre-wrap; margin-inline: 0px; overflow-wrap: break-word; margin-bottom: 0px; margin-top: 0.5em; font-family: 'Segoe UI Historic', 'Segoe UI', Helvetica, Arial, sans-serif; color: #080809; font-size: 15px; text-align: start;\"><div dir=\"auto\" style=\"font-family: inherit;\">Porque la diversidad no es una dificultad, es una oportunidad para aprender juntos <span class=\"html-span xexx8yu xyri2b x18d9i69 x1c1uobl x1hl2dhg x16tdsg8 x1vvkbs x3nfvp2 x1j61x8r x1fcty0u xdj266r xat24cr xm2jcoa x1mpyi22 xxymvpz xlup9mm x1kky2od\" style=\"text-align: inherit; padding-inline: 0px; margin-inline: 1px; overflow-wrap: break-word; display: inline-flex; vertical-align: middle; padding-bottom: 0px; width: 16px; margin-bottom: 0px; margin-top: 0px; padding-top: 0px; height: 16px; font-family: inherit;\"><img decoding=\"async\" class=\"xz74otr x15mokao x1ga7v0g x16uus16 xbiv7yw\" style=\"border-width: 0px; border-start-start-radius: 0px; border-end-end-radius: 0px; border-start-end-radius: 0px; border-end-start-radius: 0px; object-fit: fill;\" src=\"https:\/\/static.xx.fbcdn.net\/images\/emoji.php\/v9\/t64\/1\/16\/1f91d.png\" alt=\"\ud83e\udd1d\" width=\"16\" height=\"16\" \/><\/span><span class=\"html-span xexx8yu xyri2b x18d9i69 x1c1uobl x1hl2dhg x16tdsg8 x1vvkbs x3nfvp2 x1j61x8r x1fcty0u xdj266r xat24cr xm2jcoa x1mpyi22 xxymvpz xlup9mm x1kky2od\" style=\"text-align: inherit; padding-inline: 0px; margin-inline: 1px; overflow-wrap: break-word; display: inline-flex; vertical-align: middle; padding-bottom: 0px; width: 16px; margin-bottom: 0px; margin-top: 0px; padding-top: 0px; height: 16px; font-family: inherit;\"><img loading=\"lazy\" decoding=\"async\" class=\"xz74otr x15mokao x1ga7v0g x16uus16 xbiv7yw\" style=\"border-width: 0px; border-start-start-radius: 0px; border-end-end-radius: 0px; border-start-end-radius: 0px; border-end-start-radius: 0px; object-fit: fill;\" src=\"https:\/\/static.xx.fbcdn.net\/images\/emoji.php\/v9\/tf4\/1\/16\/2728.png\" alt=\"\u2728\" width=\"16\" height=\"16\" \/><\/span><\/div><\/div>\t\t\t\t\t\t<\/div>\n\t\t\t\t<\/div>\n\t\t\t\t\t<\/div>\n\t\t<\/div>\n\t\t\t\t<div class=\"elementor-column elementor-col-50 elementor-top-column elementor-element elementor-element-8430d43\" data-id=\"8430d43\" data-element_type=\"column\">\n\t\t\t<div class=\"elementor-widget-wrap elementor-element-populated\">\n\t\t\t\t\t\t<div class=\"elementor-element elementor-element-3626d8f elementor-widget elementor-widget-facebook-embed\" data-id=\"3626d8f\" data-element_type=\"widget\" data-widget_type=\"facebook-embed.default\">\n\t\t\t\t<div class=\"elementor-widget-container\">\n\t\t\t<style>\/*! elementor-pro - v3.20.0 - 26-03-2024 *\/\n.elementor-facebook-widget.fb_iframe_widget,.elementor-facebook-widget.fb_iframe_widget span{width:100%!important}.elementor-facebook-widget.fb_iframe_widget iframe{position:relative;width:100%!important}.elementor-facebook-widget.fb-like{height:1px}.elementor-widget-facebook-comments iframe{width:100%!important}<\/style><div style=\"min-height: 1px\" class=\"elementor-facebook-widget fb-post\" data-href=\"http:\/\/facebook.com\/reel\/26238633445830227\/?s=single_unit\" data-show-text=\"false\"><\/div>\t\t<\/div>\n\t\t\t\t<\/div>\n\t\t\t\t\t<\/div>\n\t\t<\/div>\n\t\t\t\t\t<\/div>\n\t\t<\/section>\n\t\t\t\t<\/div>\n\t\t","protected":false},"excerpt":{"rendered":"<p>Hoy, en el D\u00eda Mundial de la Concienciaci\u00f3n sobre el Autismo , como comunidad educativa queremos relevar la importancia de comprender, respetar y valorar la neurodivergencia.En el #IDEMAR promovemos una educaci\u00f3n inclusiva, donde cada estudiante es reconocido en su individualidad, entendiendo que existen diversas formas de aprender, sentir y relacionarse con el mundo .A trav\u00e9s [&hellip;]<\/p>\n","protected":false},"author":3,"featured_media":3804,"comment_status":"open","ping_status":"open","sticky":false,"template":"","format":"standard","meta":{"footnotes":""},"categories":[30],"tags":[],"class_list":["post-3802","post","type-post","status-publish","format-standard","has-post-thumbnail","hentry","category-actividades"],"_links":{"self":[{"href":"https:\/\/idemar.cl\/inicio\/wp-json\/wp\/v2\/posts\/3802","targetHints":{"allow":["GET"]}}],"collection":[{"href":"https:\/\/idemar.cl\/inicio\/wp-json\/wp\/v2\/posts"}],"about":[{"href":"https:\/\/idemar.cl\/inicio\/wp-json\/wp\/v2\/types\/post"}],"author":[{"embeddable":true,"href":"https:\/\/idemar.cl\/inicio\/wp-json\/wp\/v2\/users\/3"}],"replies":[{"embeddable":true,"href":"https:\/\/idemar.cl\/inicio\/wp-json\/wp\/v2\/comments?post=3802"}],"version-history":[{"count":4,"href":"https:\/\/idemar.cl\/inicio\/wp-json\/wp\/v2\/posts\/3802\/revisions"}],"predecessor-version":[{"id":3807,"href":"https:\/\/idemar.cl\/inicio\/wp-json\/wp\/v2\/posts\/3802\/revisions\/3807"}],"wp:featuredmedia":[{"embeddable":true,"href":"https:\/\/idemar.cl\/inicio\/wp-json\/wp\/v2\/media\/3804"}],"wp:attachment":[{"href":"https:\/\/idemar.cl\/inicio\/wp-json\/wp\/v2\/media?parent=3802"}],"wp:term":[{"taxonomy":"category","embeddable":true,"href":"https:\/\/idemar.cl\/inicio\/wp-json\/wp\/v2\/categories?post=3802"},{"taxonomy":"post_tag","embeddable":true,"href":"https:\/\/idemar.cl\/inicio\/wp-json\/wp\/v2\/tags?post=3802"}],"curies":[{"name":"wp","href":"https:\/\/api.w.org\/{rel}","templated":true}]}}