{"id":3169,"date":"2025-06-09T12:07:24","date_gmt":"2025-06-09T16:07:24","guid":{"rendered":"https:\/\/idemar.cl\/inicio\/?p=3169"},"modified":"2025-06-09T12:08:43","modified_gmt":"2025-06-09T16:08:43","slug":"tenemos-campeonas-comunales-en-ajedrez","status":"publish","type":"post","link":"https:\/\/idemar.cl\/inicio\/tenemos-campeonas-comunales-en-ajedrez\/","title":{"rendered":"\u00a1Tenemos campeonas comunales en ajedrez!"},"content":{"rendered":"\t\t<div data-elementor-type=\"wp-post\" data-elementor-id=\"3169\" class=\"elementor elementor-3169\" data-elementor-post-type=\"post\">\n\t\t\t\t\t\t<section class=\"elementor-section elementor-top-section elementor-element elementor-element-51b7290 elementor-section-boxed elementor-section-height-default elementor-section-height-default\" data-id=\"51b7290\" data-element_type=\"section\">\n\t\t\t\t\t\t<div class=\"elementor-container elementor-column-gap-default\">\n\t\t\t\t\t<div class=\"elementor-column elementor-col-50 elementor-top-column elementor-element elementor-element-93afd30\" data-id=\"93afd30\" data-element_type=\"column\">\n\t\t\t<div class=\"elementor-widget-wrap elementor-element-populated\">\n\t\t\t\t\t\t<div class=\"elementor-element elementor-element-92b9c7f elementor-widget elementor-widget-text-editor\" data-id=\"92b9c7f\" data-element_type=\"widget\" data-widget_type=\"text-editor.default\">\n\t\t\t\t<div class=\"elementor-widget-container\">\n\t\t\t<style>\/*! elementor - v3.20.0 - 26-03-2024 *\/\n.elementor-widget-text-editor.elementor-drop-cap-view-stacked .elementor-drop-cap{background-color:#69727d;color:#fff}.elementor-widget-text-editor.elementor-drop-cap-view-framed .elementor-drop-cap{color:#69727d;border:3px solid;background-color:transparent}.elementor-widget-text-editor:not(.elementor-drop-cap-view-default) .elementor-drop-cap{margin-top:8px}.elementor-widget-text-editor:not(.elementor-drop-cap-view-default) .elementor-drop-cap-letter{width:1em;height:1em}.elementor-widget-text-editor .elementor-drop-cap{float:left;text-align:center;line-height:1;font-size:50px}.elementor-widget-text-editor .elementor-drop-cap-letter{display:inline-block}<\/style>\t\t\t\t<div class=\"xdj266r x14z9mp xat24cr x1lziwak x1vvkbs x126k92a\" style=\"margin: 0px; overflow-wrap: break-word; white-space-collapse: preserve; font-family: system-ui, -apple-system, 'system-ui', '.SFNSText-Regular', sans-serif; color: #080809; font-size: 15px; text-align: start;\"><div dir=\"auto\" style=\"font-family: inherit;\"><span class=\"html-span xexx8yu xyri2b x18d9i69 x1c1uobl x1hl2dhg x16tdsg8 x1vvkbs x3nfvp2 x1j61x8r x1fcty0u xdj266r xat24cr xm2jcoa x1mpyi22 xxymvpz xlup9mm x1kky2od\" style=\"text-align: inherit; padding: 0px; overflow-wrap: break-word; margin: 0px 1px; display: inline-flex; vertical-align: middle; width: 16px; height: 16px; font-family: inherit;\"><img decoding=\"async\" class=\"xz74otr x168nmei x13lgxp2 x5pf9jr xo71vjh\" style=\"border-width: 0px; border-style: initial; border-radius: 0px; object-fit: fill;\" src=\"https:\/\/static.xx.fbcdn.net\/images\/emoji.php\/v9\/t3f\/2\/16\/265f.png\" alt=\"\u265f\ufe0f\" width=\"16\" height=\"16\" \/><\/span> \u00a1Tenemos campeonas comunales en ajedrez!<\/div><\/div><div class=\"x14z9mp xat24cr x1lziwak x1vvkbs xtlvy1s x126k92a\" style=\"margin: 0.5em 0px 0px; overflow-wrap: break-word; white-space-collapse: preserve; font-family: system-ui, -apple-system, 'system-ui', '.SFNSText-Regular', sans-serif; color: #080809; font-size: 15px; text-align: start;\"><div dir=\"auto\" style=\"font-family: inherit;\">Felicitamos con orgullo a Celeste y B\u00e1rbara Astudillo, estudiantes de la especialidad de Atenci\u00f3n de Enfermer\u00eda, quienes brillaron en los Juegos Deportivos Escolares 2025, obteniendo el 1er y 2do lugar comunal en la categor\u00eda juvenil.<\/div><\/div><div class=\"x14z9mp xat24cr x1lziwak x1vvkbs xtlvy1s x126k92a\" style=\"margin: 0.5em 0px 0px; overflow-wrap: break-word; white-space-collapse: preserve; font-family: system-ui, -apple-system, 'system-ui', '.SFNSText-Regular', sans-serif; color: #080809; font-size: 15px; text-align: start;\"><div dir=\"auto\" style=\"font-family: inherit;\">Ambas nos representar\u00e1n en la etapa provincial que se disputar\u00e1 en Quell\u00f3n el jueves 12 de junio.<\/div><\/div><div class=\"x14z9mp xat24cr x1lziwak x1vvkbs xtlvy1s x126k92a\" style=\"margin: 0.5em 0px 0px; overflow-wrap: break-word; white-space-collapse: preserve; font-family: system-ui, -apple-system, 'system-ui', '.SFNSText-Regular', sans-serif; color: #080809; font-size: 15px; text-align: start;\"><div dir=\"auto\" style=\"font-family: inherit;\">Tambi\u00e9n celebramos el gran desempe\u00f1o de Benjam\u00edn Bahamonde, quien logr\u00f3 el 3er lugar comunal en la misma categor\u00eda.<\/div><\/div><div class=\"x14z9mp xat24cr x1lziwak x1vvkbs xtlvy1s x126k92a\" style=\"margin: 0.5em 0px 0px; overflow-wrap: break-word; white-space-collapse: preserve; font-family: system-ui, -apple-system, 'system-ui', '.SFNSText-Regular', sans-serif; color: #080809; font-size: 15px; text-align: start;\"><div dir=\"auto\" style=\"font-family: inherit;\">\u00a1Como <span class=\"html-span xdj266r x14z9mp xat24cr x1lziwak xexx8yu xyri2b x18d9i69 x1c1uobl x1hl2dhg x16tdsg8 x1vvkbs\" style=\"margin: 0px; text-align: inherit; padding: 0px; overflow-wrap: break-word; font-family: inherit;\"><a class=\"x1i10hfl xjbqb8w x1ejq31n x18oe1m7 x1sy0etr xstzfhl x972fbf x10w94by x1qhh985 x14e42zd x9f619 x1ypdohk xt0psk2 xe8uvvx xdj266r x14z9mp xat24cr x1lziwak xexx8yu xyri2b x18d9i69 x1c1uobl x16tdsg8 x1hl2dhg xggy1nq x1a2a7pz xkrqix3 x1sur9pj x1fey0fg x1s688f\" style=\"color: #0064d1; cursor: pointer; list-style: none; border-width: 0px; margin: 0px; text-align: inherit; border-style: none; padding: 0px; outline: none; -webkit-tap-highlight-color: transparent; font-weight: 600; touch-action: manipulation; display: inline; font-family: inherit;\" tabindex=\"0\" role=\"link\" href=\"https:\/\/www.facebook.com\/hashtag\/idemar?__eep__=6&amp;__cft__[0]=AZWpgKy2BFV9JCgV9t9XNN371QXk8jijJFiL6f3d6ZjqIB7TeQU4GtXrszXD_yqaphjWNEawrCj5qkgseh31bUqDf8cMutazsjDiUyNSkgU43nXwvWDg20sUDjJVaS6B95rP9XvWMhnKMtzt5V2KJ9FY0PcBk_yrmNMNFtbDufbXM916a_H8ohbvtNnC60cHHThTbDvZ2RQAWeQQFeK1huAz&amp;__tn__=*NK-R\">#IDEMAR<\/a><\/span> nos sentimos profundamente orgullosos de su talento, disciplina y esp\u00edritu competitivo!<\/div><\/div>\t\t\t\t\t\t<\/div>\n\t\t\t\t<\/div>\n\t\t\t\t\t<\/div>\n\t\t<\/div>\n\t\t\t\t<div class=\"elementor-column elementor-col-50 elementor-top-column elementor-element elementor-element-4b789f9\" data-id=\"4b789f9\" data-element_type=\"column\">\n\t\t\t<div class=\"elementor-widget-wrap elementor-element-populated\">\n\t\t\t\t\t\t<div class=\"elementor-element elementor-element-a63b31a elementor-widget elementor-widget-facebook-embed\" data-id=\"a63b31a\" data-element_type=\"widget\" data-widget_type=\"facebook-embed.default\">\n\t\t\t\t<div class=\"elementor-widget-container\">\n\t\t\t<style>\/*! elementor-pro - v3.20.0 - 26-03-2024 *\/\n.elementor-facebook-widget.fb_iframe_widget,.elementor-facebook-widget.fb_iframe_widget span{width:100%!important}.elementor-facebook-widget.fb_iframe_widget iframe{position:relative;width:100%!important}.elementor-facebook-widget.fb-like{height:1px}.elementor-widget-facebook-comments iframe{width:100%!important}<\/style><div style=\"min-height: 1px\" class=\"elementor-facebook-widget fb-post\" data-href=\"https:\/\/www.facebook.com\/photo?fbid=1324586646336283&#038;set=pcb.1324587166336231\" data-show-text=\"false\"><\/div>\t\t<\/div>\n\t\t\t\t<\/div>\n\t\t\t\t\t<\/div>\n\t\t<\/div>\n\t\t\t\t\t<\/div>\n\t\t<\/section>\n\t\t\t\t<\/div>\n\t\t","protected":false},"excerpt":{"rendered":"<p>\u00a1Tenemos campeonas comunales en ajedrez!Felicitamos con orgullo a Celeste y B\u00e1rbara Astudillo, estudiantes de la especialidad de Atenci\u00f3n de Enfermer\u00eda, quienes brillaron en los Juegos Deportivos Escolares 2025, obteniendo el 1er y 2do lugar comunal en la categor\u00eda juvenil.Ambas nos representar\u00e1n en la etapa provincial que se disputar\u00e1 en Quell\u00f3n el jueves 12 de junio.Tambi\u00e9n [&hellip;]<\/p>\n","protected":false},"author":3,"featured_media":3171,"comment_status":"open","ping_status":"open","sticky":false,"template":"","format":"standard","meta":{"footnotes":""},"categories":[39],"tags":[],"class_list":["post-3169","post","type-post","status-publish","format-standard","has-post-thumbnail","hentry","category-logros-y-reconocimientos"],"_links":{"self":[{"href":"https:\/\/idemar.cl\/inicio\/wp-json\/wp\/v2\/posts\/3169","targetHints":{"allow":["GET"]}}],"collection":[{"href":"https:\/\/idemar.cl\/inicio\/wp-json\/wp\/v2\/posts"}],"about":[{"href":"https:\/\/idemar.cl\/inicio\/wp-json\/wp\/v2\/types\/post"}],"author":[{"embeddable":true,"href":"https:\/\/idemar.cl\/inicio\/wp-json\/wp\/v2\/users\/3"}],"replies":[{"embeddable":true,"href":"https:\/\/idemar.cl\/inicio\/wp-json\/wp\/v2\/comments?post=3169"}],"version-history":[{"count":4,"href":"https:\/\/idemar.cl\/inicio\/wp-json\/wp\/v2\/posts\/3169\/revisions"}],"predecessor-version":[{"id":3174,"href":"https:\/\/idemar.cl\/inicio\/wp-json\/wp\/v2\/posts\/3169\/revisions\/3174"}],"wp:featuredmedia":[{"embeddable":true,"href":"https:\/\/idemar.cl\/inicio\/wp-json\/wp\/v2\/media\/3171"}],"wp:attachment":[{"href":"https:\/\/idemar.cl\/inicio\/wp-json\/wp\/v2\/media?parent=3169"}],"wp:term":[{"taxonomy":"category","embeddable":true,"href":"https:\/\/idemar.cl\/inicio\/wp-json\/wp\/v2\/categories?post=3169"},{"taxonomy":"post_tag","embeddable":true,"href":"https:\/\/idemar.cl\/inicio\/wp-json\/wp\/v2\/tags?post=3169"}],"curies":[{"name":"wp","href":"https:\/\/api.w.org\/{rel}","templated":true}]}}