{"id":2353,"date":"2024-07-19T08:34:45","date_gmt":"2024-07-19T12:34:45","guid":{"rendered":"https:\/\/idemar.cl\/inicio\/?p=2353"},"modified":"2024-07-19T08:40:55","modified_gmt":"2024-07-19T12:40:55","slug":"descubre-tu-futuro-en-el-liceo-tecnico-profesional-idemar","status":"publish","type":"post","link":"https:\/\/idemar.cl\/inicio\/descubre-tu-futuro-en-el-liceo-tecnico-profesional-idemar\/","title":{"rendered":"\u00a1Descubre tu Futuro en el Liceo T\u00e9cnico Profesional IDEMAR!"},"content":{"rendered":"\t\t<div data-elementor-type=\"wp-post\" data-elementor-id=\"2353\" class=\"elementor elementor-2353\" data-elementor-post-type=\"post\">\n\t\t\t\t\t\t<section class=\"elementor-section elementor-top-section elementor-element elementor-element-919169c elementor-section-boxed elementor-section-height-default elementor-section-height-default\" data-id=\"919169c\" data-element_type=\"section\">\n\t\t\t\t\t\t<div class=\"elementor-container elementor-column-gap-default\">\n\t\t\t\t\t<div class=\"elementor-column elementor-col-50 elementor-top-column elementor-element elementor-element-3e61f21\" data-id=\"3e61f21\" data-element_type=\"column\">\n\t\t\t<div class=\"elementor-widget-wrap elementor-element-populated\">\n\t\t\t\t\t\t<div class=\"elementor-element elementor-element-2c7c7c3 elementor-widget elementor-widget-text-editor\" data-id=\"2c7c7c3\" data-element_type=\"widget\" data-widget_type=\"text-editor.default\">\n\t\t\t\t<div class=\"elementor-widget-container\">\n\t\t\t<style>\/*! elementor - v3.20.0 - 26-03-2024 *\/\n.elementor-widget-text-editor.elementor-drop-cap-view-stacked .elementor-drop-cap{background-color:#69727d;color:#fff}.elementor-widget-text-editor.elementor-drop-cap-view-framed .elementor-drop-cap{color:#69727d;border:3px solid;background-color:transparent}.elementor-widget-text-editor:not(.elementor-drop-cap-view-default) .elementor-drop-cap{margin-top:8px}.elementor-widget-text-editor:not(.elementor-drop-cap-view-default) .elementor-drop-cap-letter{width:1em;height:1em}.elementor-widget-text-editor .elementor-drop-cap{float:left;text-align:center;line-height:1;font-size:50px}.elementor-widget-text-editor .elementor-drop-cap-letter{display:inline-block}<\/style>\t\t\t\t<p class=\"MsoNormal\" style=\"margin-bottom: 0.0001pt; line-height: normal; background-image: initial; background-position: initial; background-size: initial; background-repeat: initial; background-attachment: initial; background-origin: initial; background-clip: initial;\"><span style=\"font-size: 12.0pt; mso-fareast-font-family: 'Times New Roman'; mso-bidi-font-family: Calibri; mso-bidi-theme-font: minor-latin; color: #050505; mso-fareast-language: ES-CL;\">\u00a1Descubre tu Futuro en el Liceo T\u00e9cnico Profesional <a href=\"https:\/\/www.facebook.com\/hashtag\/idemar?__eep__=6&amp;__cft__%5b0%5d=AZV929Ce2fLYHHLGSQh64lfToK92e9TS7386Oi5ilADvXh8U_WZXYT4iCe3NgkzSRNcq7ZL9gXZqoYuA7GD2SAmgvotVqdIIhICDwNytbk-aY3v72kIyj895OPxOLS5oBX6ykc6TVPz2ah5nndG8LBYyop1U_nMYKzxzGOR9fAuCGPLicWSrvDCnKsQFZm6Pq9B9pRIiReEHBIdb4aPr9nH_&amp;__tn__=*NK-R\"><span style=\"color: blue; border: none windowtext 1.0pt; mso-border-alt: none windowtext 0cm; padding: 0cm;\">#IDEMAR<\/span><\/a>!<\/span><\/p><p class=\"MsoNormal\" style=\"margin-bottom: 0.0001pt; line-height: normal; background-image: initial; background-position: initial; background-size: initial; background-repeat: initial; background-attachment: initial; background-origin: initial; background-clip: initial;\"><span style=\"font-size: 12.0pt; mso-fareast-font-family: 'Times New Roman'; mso-bidi-font-family: Calibri; mso-bidi-theme-font: minor-latin; color: #050505; mso-fareast-language: ES-CL;\">\u00bfQuieres una educaci\u00f3n t\u00e9cnica de primer nivel que te prepare para los desaf\u00edos del mundo laboral? \u00a1Ven y postula al Instituto del Mar Bicentenario Capit\u00e1n Williams! <\/span><\/p><p class=\"MsoNormal\" style=\"margin-bottom: 0.0001pt; line-height: normal; background-image: initial; background-position: initial; background-size: initial; background-repeat: initial; background-attachment: initial; background-origin: initial; background-clip: initial;\"><span style=\"font-size: 12.0pt; mso-fareast-font-family: 'Times New Roman'; mso-bidi-font-family: Calibri; mso-bidi-theme-font: minor-latin; color: #050505; mso-fareast-language: ES-CL;\">En IDEMAR, te ofrecemos una formaci\u00f3n integral con \u00e9nfasis en excelencia acad\u00e9mica, pr\u00e1cticas profesionales de calidad, y un entorno inclusivo y acogedor. \u00a1\u00danete a nuestra comunidad educativa y da el primer paso hacia un futuro exitoso!<\/span><\/p><p class=\"MsoNormal\" style=\"margin-bottom: 0.0001pt; line-height: normal; background-image: initial; background-position: initial; background-size: initial; background-repeat: initial; background-attachment: initial; background-origin: initial; background-clip: initial;\"><span style=\"font-size: 12.0pt; mso-fareast-font-family: 'Times New Roman'; mso-bidi-font-family: Calibri; mso-bidi-theme-font: minor-latin; color: #050505; mso-fareast-language: ES-CL;\">Para ingresar este segundo semestre, reg\u00edstrate en &#8220;An\u00f3tate en la Lista&#8221; <a href=\"https:\/\/applications.tether.education\/welcome\/anotate-en-la-lista?fbclid=IwZXh0bgNhZW0CMTAAAR2v37LgX1NRnb7oddI7nK67Zm3Jl7PFDTqh8YSSze1HfiJV7V-c_8e0gpA_aem_fdRAh3khxPKplAwcNZccfw\" target=\"_blank\" rel=\"noopener\"><span style=\"color: blue; border: none windowtext 1.0pt; mso-border-alt: none windowtext 0cm; padding: 0cm;\">https:\/\/applications.tether.education\/&#8230;\/anotate-en-la&#8230;<\/span><\/a><\/span><\/p><p>\u00a0<\/p><p class=\"MsoNormal\" style=\"margin-bottom: 0.0001pt; line-height: normal; background-image: initial; background-position: initial; background-size: initial; background-repeat: initial; background-attachment: initial; background-origin: initial; background-clip: initial;\"><span style=\"font-size: 12.0pt; mso-fareast-font-family: 'Times New Roman'; mso-bidi-font-family: Calibri; mso-bidi-theme-font: minor-latin; color: #050505; mso-fareast-language: ES-CL;\">Para postular para el a\u00f1o 2025, debes registrarte entre el 02 y 30 de agosto en el sistema de admisi\u00f3n escolar SAE en <a href=\"https:\/\/www.sistemadeadmisionescolar.cl\/?fbclid=IwZXh0bgNhZW0CMTAAAR1muZ0R3lBctZB3c9gdDbrEKyFRCEORYO-Yhqkhvu4MWoR_4tqkrGagFvs_aem___i3dwFf0n6rFW70e0RrVQ\" target=\"_blank\" rel=\"noopener\"><span style=\"color: blue; border: none windowtext 1.0pt; mso-border-alt: none windowtext 0cm; padding: 0cm;\">https:\/\/www.sistemadeadmisionescolar.cl\/<\/span><\/a><\/span><\/p>\t\t\t\t\t\t<\/div>\n\t\t\t\t<\/div>\n\t\t\t\t\t<\/div>\n\t\t<\/div>\n\t\t\t\t<div class=\"elementor-column elementor-col-50 elementor-top-column elementor-element elementor-element-f528da3\" data-id=\"f528da3\" data-element_type=\"column\">\n\t\t\t<div class=\"elementor-widget-wrap elementor-element-populated\">\n\t\t\t\t\t\t<div class=\"elementor-element elementor-element-0024531 elementor-widget elementor-widget-facebook-embed\" data-id=\"0024531\" data-element_type=\"widget\" data-widget_type=\"facebook-embed.default\">\n\t\t\t\t<div class=\"elementor-widget-container\">\n\t\t\t<style>\/*! elementor-pro - v3.20.0 - 26-03-2024 *\/\n.elementor-facebook-widget.fb_iframe_widget,.elementor-facebook-widget.fb_iframe_widget span{width:100%!important}.elementor-facebook-widget.fb_iframe_widget iframe{position:relative;width:100%!important}.elementor-facebook-widget.fb-like{height:1px}.elementor-widget-facebook-comments iframe{width:100%!important}<\/style><div style=\"min-height: 1px\" class=\"elementor-facebook-widget fb-post\" data-href=\"https:\/\/www.facebook.com\/permalink.php?story_fbid=1046403877487896&#038;id=100063548815317&#038;ref=embed_post\" data-show-text=\"false\"><\/div>\t\t<\/div>\n\t\t\t\t<\/div>\n\t\t\t\t\t<\/div>\n\t\t<\/div>\n\t\t\t\t\t<\/div>\n\t\t<\/section>\n\t\t\t\t<\/div>\n\t\t","protected":false},"excerpt":{"rendered":"<p>\u00a1Descubre tu Futuro en el Liceo T\u00e9cnico Profesional #IDEMAR! \u00bfQuieres una educaci\u00f3n t\u00e9cnica de primer nivel que te prepare para los desaf\u00edos del mundo laboral? \u00a1Ven y postula al Instituto del Mar Bicentenario Capit\u00e1n Williams! En IDEMAR, te ofrecemos una formaci\u00f3n integral con \u00e9nfasis en excelencia acad\u00e9mica, pr\u00e1cticas profesionales de calidad, y un entorno inclusivo [&hellip;]<\/p>\n","protected":false},"author":3,"featured_media":2355,"comment_status":"open","ping_status":"open","sticky":false,"template":"","format":"standard","meta":{"footnotes":""},"categories":[36,1],"tags":[],"class_list":["post-2353","post","type-post","status-publish","format-standard","has-post-thumbnail","hentry","category-admision-2025","category-uncategorized"],"_links":{"self":[{"href":"https:\/\/idemar.cl\/inicio\/wp-json\/wp\/v2\/posts\/2353","targetHints":{"allow":["GET"]}}],"collection":[{"href":"https:\/\/idemar.cl\/inicio\/wp-json\/wp\/v2\/posts"}],"about":[{"href":"https:\/\/idemar.cl\/inicio\/wp-json\/wp\/v2\/types\/post"}],"author":[{"embeddable":true,"href":"https:\/\/idemar.cl\/inicio\/wp-json\/wp\/v2\/users\/3"}],"replies":[{"embeddable":true,"href":"https:\/\/idemar.cl\/inicio\/wp-json\/wp\/v2\/comments?post=2353"}],"version-history":[{"count":4,"href":"https:\/\/idemar.cl\/inicio\/wp-json\/wp\/v2\/posts\/2353\/revisions"}],"predecessor-version":[{"id":2358,"href":"https:\/\/idemar.cl\/inicio\/wp-json\/wp\/v2\/posts\/2353\/revisions\/2358"}],"wp:featuredmedia":[{"embeddable":true,"href":"https:\/\/idemar.cl\/inicio\/wp-json\/wp\/v2\/media\/2355"}],"wp:attachment":[{"href":"https:\/\/idemar.cl\/inicio\/wp-json\/wp\/v2\/media?parent=2353"}],"wp:term":[{"taxonomy":"category","embeddable":true,"href":"https:\/\/idemar.cl\/inicio\/wp-json\/wp\/v2\/categories?post=2353"},{"taxonomy":"post_tag","embeddable":true,"href":"https:\/\/idemar.cl\/inicio\/wp-json\/wp\/v2\/tags?post=2353"}],"curies":[{"name":"wp","href":"https:\/\/api.w.org\/{rel}","templated":true}]}}